{"id":6352,"date":"2026-04-29T06:08:08","date_gmt":"2026-04-29T09:08:08","guid":{"rendered":"https:\/\/vagas.portalemprego.com.br\/?p=6352"},"modified":"2026-04-29T06:08:08","modified_gmt":"2026-04-29T09:08:08","slug":"secretario-recepcionista-administracao-rio-de-janeiro-2","status":"publish","type":"post","link":"https:\/\/vagas.portalemprego.com.br\/?p=6352","title":{"rendered":"Secretario Recepcionista &#8211; Administra\u00e7\u00e3o &#8211; Rio de Janeiro"},"content":{"rendered":"<p>O Celeiro Restaurante e Eventos Ltda est\u00e1 em busca de um profissional din\u00e2mico e organizado para o cargo de Secret\u00e1ria Recepcionista.<br \/>\nEste \u00e9 um papel fundamental para garantir a efici\u00eancia e a excel\u00eancia no atendimento a nossos clientes e parceiros.<\/p>\n<p>Como Secret\u00e1ria Recepcionista, voc\u00ea ser\u00e1 respons\u00e1vel por gerenciar as atividades de recep\u00e7\u00e3o, coordenar agendamentos, atender telefonemas e visitantes, al\u00e9m de auxiliar nas tarefas administrativas do dia a dia.<br \/>\nSua aten\u00e7\u00e3o aos detalhes e sua capacidade de comunica\u00e7\u00e3o s\u00e3o essenciais para garantir um ambiente acolhedor e eficiente.<\/p>\n<p>Experi\u00eancia em fun\u00e7\u00f5es similares \u00e9 um diferencial, assim como conhecimento em pacotes de escrit\u00f3rio e sistemas de reservas.<br \/>\nHabilidades de organiza\u00e7\u00e3o, proatividade e uma atitude positiva s\u00e3o caracter\u00edsticas que buscamos em nossos colaboradores.<\/p>\n<p>O Celeiro valoriza um ambiente de trabalho colaborativo e busca profissionais que compartilhem de nossa paix\u00e3o por eventos e servi\u00e7os de alta qualidade.<br \/>\nSe voc\u00ea tem um forte senso de responsabilidade e est\u00e1 pronto para se juntar a uma equipe dedicada, esta \u00e9 uma oportunidade para voc\u00ea.<\/p>\n<p>Junte-se a n\u00f3s e fa\u00e7a parte de um time que se orgulha de criar experi\u00eancias inesquec\u00edveis para nossos clientes e parceiros.<br \/>\nVenha contribuir para o sucesso do Celeiro Restaurante e Eventos Ltda!<\/p>\n<p>Interessados devem enviar seu curr\u00edculo e portf\u00f3lio para a vaga.<br \/>\nAguardamos sua candidatura para potencializar nosso trabalho conjunto.<\/p>\n<ul>\n<li>Local de trabalho: Rio de Janeiro, RJ<\/li>\n<li>Regime de contrata\u00e7\u00e3o de tipo: Efetivo \u2013 CLT<\/li>\n<li>Jornada: Per\u00edodo Integral<\/li>\n<li>\u00c1rea e especializa\u00e7\u00e3o profissional: Administra\u00e7\u00e3o &#8211; Secretariado<\/li>\n<li>N\u00edvel hier\u00e1rquico: Assistente<\/li>\n<\/ul>\n<p>VALORIZADO<\/p>\n<p>Tempo de experi\u00eancia: Entre 1 e 3 anos<\/p>\n<p>HABILIDADES<\/p>\n<ul>\n<li>Pacote Office<\/li>\n<\/ul>\n<p>Escolaridade M\u00ednima: Ensino M\u00e9dio (2\u00ba Grau)<\/p>\n<p>Sal\u00e1rio: 2324,89<\/p>\n","protected":false},"excerpt":{"rendered":"<p>O Celeiro Restaurante e Eventos Ltda est\u00e1 em busca de um profissional din\u00e2mico e organizado para o cargo de Secret\u00e1ria Recepcionista. Este \u00e9 um papel fundamental para garantir a efici\u00eancia e a excel\u00eancia no atendimento a nossos clientes e parceiros. Como Secret\u00e1ria Recepcionista, voc\u00ea ser\u00e1 respons\u00e1vel por gerenciar as atividades de recep\u00e7\u00e3o, coordenar agendamentos, atender [&hellip;]<\/p>\n","protected":false},"author":1,"featured_media":0,"comment_status":"open","ping_status":"open","sticky":false,"template":"","format":"standard","meta":{"footnotes":""},"categories":[21],"tags":[],"class_list":["post-6352","post","type-post","status-publish","format-standard","hentry","category-rio-de-janeiro-rj"],"_links":{"self":[{"href":"https:\/\/vagas.portalemprego.com.br\/index.php?rest_route=\/wp\/v2\/posts\/6352","targetHints":{"allow":["GET"]}}],"collection":[{"href":"https:\/\/vagas.portalemprego.com.br\/index.php?rest_route=\/wp\/v2\/posts"}],"about":[{"href":"https:\/\/vagas.portalemprego.com.br\/index.php?rest_route=\/wp\/v2\/types\/post"}],"author":[{"embeddable":true,"href":"https:\/\/vagas.portalemprego.com.br\/index.php?rest_route=\/wp\/v2\/users\/1"}],"replies":[{"embeddable":true,"href":"https:\/\/vagas.portalemprego.com.br\/index.php?rest_route=%2Fwp%2Fv2%2Fcomments&post=6352"}],"version-history":[{"count":0,"href":"https:\/\/vagas.portalemprego.com.br\/index.php?rest_route=\/wp\/v2\/posts\/6352\/revisions"}],"wp:attachment":[{"href":"https:\/\/vagas.portalemprego.com.br\/index.php?rest_route=%2Fwp%2Fv2%2Fmedia&parent=6352"}],"wp:term":[{"taxonomy":"category","embeddable":true,"href":"https:\/\/vagas.portalemprego.com.br\/index.php?rest_route=%2Fwp%2Fv2%2Fcategories&post=6352"},{"taxonomy":"post_tag","embeddable":true,"href":"https:\/\/vagas.portalemprego.com.br\/index.php?rest_route=%2Fwp%2Fv2%2Ftags&post=6352"}],"curies":[{"name":"wp","href":"https:\/\/api.w.org\/{rel}","templated":true}]}}