{"id":6353,"date":"2026-04-29T06:08:08","date_gmt":"2026-04-29T09:08:08","guid":{"rendered":"https:\/\/vagas.portalemprego.com.br\/?p=6353"},"modified":"2026-04-29T06:08:08","modified_gmt":"2026-04-29T09:08:08","slug":"atendente-de-recepcao-de-eventos-cultura-lazer-entretenimento-rio-de-janeiro","status":"publish","type":"post","link":"https:\/\/vagas.portalemprego.com.br\/?p=6353","title":{"rendered":"Atendente de Recep\u00e7\u00e3o de Eventos &#8211; Cultura, Lazer, Entretenimento &#8211; Rio de Janeiro"},"content":{"rendered":"<p>O Celeiro Restaurante e Eventos Ltda est\u00e1 em busca de um profissional din\u00e2mico e acolhedor para o cargo de Atendente de Recep\u00e7\u00e3o de Eventos.<br \/>\nEste \u00e9 um papel fundamental para garantir que cada evento que organizamos seja marcado por um in\u00edcio perfeito e uma experi\u00eancia inesquec\u00edvel para todos os participantes.<\/p>\n<p>Como Atendente de Recep\u00e7\u00e3o, voc\u00ea ser\u00e1 o primeiro ponto de contato dos convidados.<br \/>\nSua responsabilidade ser\u00e1 garantir que cada visitante tenha uma impress\u00e3o positiva desde o primeiro momento.<br \/>\nIsso inclui receber os convidados com cortesia, orient\u00e1-los sobre o layout do evento, distribuir brindes, e auxiliar com informa\u00e7\u00f5es sobre o evento.<br \/>\nAl\u00e9m disso, voc\u00ea dever\u00e1 estar atento a poss\u00edveis necessidades dos convidados e reportar quaisquer problemas \u00e0 equipe de gerenciamento do evento.<\/p>\n<p>Experi\u00eancia anterior em recep\u00e7\u00e3o ou eventos \u00e9 um diferencial.<br \/>\nO que buscamos \u00e9 algu\u00e9m com uma atitude positiva, habilidades de comunica\u00e7\u00e3o excelentes e uma capacidade de trabalhar bem sob press\u00e3o.<br \/>\nA capacidade de interagir com pessoas de diferentes origens e com um forte senso de responsabilidade tamb\u00e9m s\u00e3o essenciais para este cargo.<\/p>\n<p>O Celeiro valoriza um ambiente de trabalho colaborativo e est\u00e1 disposto a oferecer treinamento cont\u00ednuo para que voc\u00ea possa crescer profissionalmente conosco.<br \/>\nSe voc\u00ea \u00e9 algu\u00e9m que se orgulha de dar boas-vindas e criar experi\u00eancias memor\u00e1veis, esta oportunidade \u00e9 para voc\u00ea.<\/p>\n<p>Junte-se a n\u00f3s e fa\u00e7a parte de uma equipe que se dedica a transformar eventos em momentos inesquec\u00edveis!<\/p>\n<ul>\n<li>Local de trabalho: Rio de Janeiro, RJ<\/li>\n<li>Regime de contrata\u00e7\u00e3o de tipo: Efetivo \u2013 CLT<\/li>\n<li>Jornada: Per\u00edodo Integral<\/li>\n<li>\u00c1rea e especializa\u00e7\u00e3o profissional: Cultura, Lazer, Entretenimento &#8211; Entretenimento<\/li>\n<li>N\u00edvel hier\u00e1rquico: Assistente<\/li>\n<\/ul>\n<p>HABILIDADES<\/p>\n<ul>\n<li>Pacote Office<\/li>\n<\/ul>\n<p>Escolaridade M\u00ednima: Ensino M\u00e9dio (2\u00ba Grau)<\/p>\n<p>Idiomas:<\/p>\n<ul>\n<li>Ingl\u00eas (Intermedi\u00e1rio)<\/li>\n<\/ul>\n","protected":false},"excerpt":{"rendered":"<p>O Celeiro Restaurante e Eventos Ltda est\u00e1 em busca de um profissional din\u00e2mico e acolhedor para o cargo de Atendente de Recep\u00e7\u00e3o de Eventos. Este \u00e9 um papel fundamental para garantir que cada evento que organizamos seja marcado por um in\u00edcio perfeito e uma experi\u00eancia inesquec\u00edvel para todos os participantes. Como Atendente de Recep\u00e7\u00e3o, voc\u00ea [&hellip;]<\/p>\n","protected":false},"author":1,"featured_media":0,"comment_status":"open","ping_status":"open","sticky":false,"template":"","format":"standard","meta":{"footnotes":""},"categories":[21],"tags":[],"class_list":["post-6353","post","type-post","status-publish","format-standard","hentry","category-rio-de-janeiro-rj"],"_links":{"self":[{"href":"https:\/\/vagas.portalemprego.com.br\/index.php?rest_route=\/wp\/v2\/posts\/6353","targetHints":{"allow":["GET"]}}],"collection":[{"href":"https:\/\/vagas.portalemprego.com.br\/index.php?rest_route=\/wp\/v2\/posts"}],"about":[{"href":"https:\/\/vagas.portalemprego.com.br\/index.php?rest_route=\/wp\/v2\/types\/post"}],"author":[{"embeddable":true,"href":"https:\/\/vagas.portalemprego.com.br\/index.php?rest_route=\/wp\/v2\/users\/1"}],"replies":[{"embeddable":true,"href":"https:\/\/vagas.portalemprego.com.br\/index.php?rest_route=%2Fwp%2Fv2%2Fcomments&post=6353"}],"version-history":[{"count":0,"href":"https:\/\/vagas.portalemprego.com.br\/index.php?rest_route=\/wp\/v2\/posts\/6353\/revisions"}],"wp:attachment":[{"href":"https:\/\/vagas.portalemprego.com.br\/index.php?rest_route=%2Fwp%2Fv2%2Fmedia&parent=6353"}],"wp:term":[{"taxonomy":"category","embeddable":true,"href":"https:\/\/vagas.portalemprego.com.br\/index.php?rest_route=%2Fwp%2Fv2%2Fcategories&post=6353"},{"taxonomy":"post_tag","embeddable":true,"href":"https:\/\/vagas.portalemprego.com.br\/index.php?rest_route=%2Fwp%2Fv2%2Ftags&post=6353"}],"curies":[{"name":"wp","href":"https:\/\/api.w.org\/{rel}","templated":true}]}}