{"id":6358,"date":"2026-04-29T06:08:08","date_gmt":"2026-04-29T09:08:08","guid":{"rendered":"https:\/\/vagas.portalemprego.com.br\/?p=6358"},"modified":"2026-04-29T06:08:08","modified_gmt":"2026-04-29T09:08:08","slug":"estagio-em-ciencias-contabeis-niteroi-contabil-financas-economia-niteroi","status":"publish","type":"post","link":"https:\/\/vagas.portalemprego.com.br\/?p=6358","title":{"rendered":"Est\u00e1gio em Ci\u00eancias Cont\u00e1beis (Niter\u00f3i) &#8211; Cont\u00e1bil, Finan\u00e7as, Economia &#8211; Niter\u00f3i"},"content":{"rendered":"<p>Descri\u00e7\u00e3o da Vaga:<br \/>\nEscrit\u00f3rio de contabilidade localizado no centro de Niter\u00f3i busca estagi\u00e1rio(a) para atuar na \u00e1rea cont\u00e1bil, com foco em concilia\u00e7\u00e3o cont\u00e1bil e rotinas administrativas do setor. Procuramos um perfil comprometido, atento aos detalhes e com vontade de aprender. H\u00e1 possibilidade de efetiva\u00e7\u00e3o!<\/p>\n<p>Se voc\u00ea est\u00e1 cursando Ci\u00eancias Cont\u00e1beis, Administra\u00e7\u00e3o ou Economia a partir do 3\u00ba per\u00edodo, tem conhecimento em Excel e Word e uma boa comunica\u00e7\u00e3o escrita, essa pode ser a oportunidade ideal para dar os primeiros passos na carreira. \ud83d\ude42<\/p>\n<p>ATIVIDADES:<br \/>\n&#8211; Apoiar nas atividades de concilia\u00e7\u00e3o cont\u00e1bil;<br \/>\n&#8211; Lan\u00e7amento e confer\u00eancia de dados cont\u00e1beis;<br \/>\n&#8211; Organiza\u00e7\u00e3o de documentos e arquivos;<br \/>\n&#8211; Apoio nas rotinas administrativas do escrit\u00f3rio.<\/p>\n<p>REQUISITOS:<br \/>\n&#8211; Estar cursando Ci\u00eancias Cont\u00e1beis (a partir do 3\u00ba per\u00edodo);<br \/>\n&#8211; Conhecimento b\u00e1sico\/intermedi\u00e1rio em Excel e Word;<br \/>\n&#8211; Boa reda\u00e7\u00e3o e organiza\u00e7\u00e3o;<br \/>\n&#8211; Comprometimento e vontade de aprender;<br \/>\n&#8211; Disponibilidade para atuar presencialmente no Centro de Niter\u00f3i\/RJ.<\/p>\n<p>INFORMA\u00c7\u00d5ES DA VAGA:<\/p>\n<p>&#8211; Modalidade: Presencial;<br \/>\n&#8211; Carga hor\u00e1ria: 6 horas (segunda a sexta-feira);<br \/>\n&#8211; Bolsa aux\u00edlio: R$ 1.200,00;<br \/>\n&#8211; Benef\u00edcios: Vale-transporte + Plano de Sa\u00fade + Plano Odontol\u00f3gico;<br \/>\n&#8211; Possibilidade de efetiva\u00e7\u00e3o.<\/p>\n<p>Local de Trabalho:<br \/>\nCentro \u2013 Niter\u00f3i\/RJ<\/p>\n<ul>\n<li>Local de trabalho: Niter\u00f3i, RJ<\/li>\n<li>Regime de contrata\u00e7\u00e3o de tipo: Est\u00e1gio<\/li>\n<li>Jornada: Parcial manh\u00e3s<\/li>\n<li>\u00c1rea e especializa\u00e7\u00e3o profissional: Cont\u00e1bil, Finan\u00e7as, Economia &#8211; Contabilidade<\/li>\n<li>N\u00edvel hier\u00e1rquico: Estagi\u00e1rio<\/li>\n<\/ul>\n<p>Escolaridade M\u00ednima: Ensino Superior<\/p>\n<p>Sal\u00e1rio: 1200,0<\/p>\n","protected":false},"excerpt":{"rendered":"<p>Descri\u00e7\u00e3o da Vaga: Escrit\u00f3rio de contabilidade localizado no centro de Niter\u00f3i busca estagi\u00e1rio(a) para atuar na \u00e1rea cont\u00e1bil, com foco em concilia\u00e7\u00e3o cont\u00e1bil e rotinas administrativas do setor. Procuramos um perfil comprometido, atento aos detalhes e com vontade de aprender. H\u00e1 possibilidade de efetiva\u00e7\u00e3o! Se voc\u00ea est\u00e1 cursando Ci\u00eancias Cont\u00e1beis, Administra\u00e7\u00e3o ou Economia a partir [&hellip;]<\/p>\n","protected":false},"author":1,"featured_media":0,"comment_status":"open","ping_status":"open","sticky":false,"template":"","format":"standard","meta":{"footnotes":""},"categories":[21],"tags":[],"class_list":["post-6358","post","type-post","status-publish","format-standard","hentry","category-rio-de-janeiro-rj"],"_links":{"self":[{"href":"https:\/\/vagas.portalemprego.com.br\/index.php?rest_route=\/wp\/v2\/posts\/6358","targetHints":{"allow":["GET"]}}],"collection":[{"href":"https:\/\/vagas.portalemprego.com.br\/index.php?rest_route=\/wp\/v2\/posts"}],"about":[{"href":"https:\/\/vagas.portalemprego.com.br\/index.php?rest_route=\/wp\/v2\/types\/post"}],"author":[{"embeddable":true,"href":"https:\/\/vagas.portalemprego.com.br\/index.php?rest_route=\/wp\/v2\/users\/1"}],"replies":[{"embeddable":true,"href":"https:\/\/vagas.portalemprego.com.br\/index.php?rest_route=%2Fwp%2Fv2%2Fcomments&post=6358"}],"version-history":[{"count":0,"href":"https:\/\/vagas.portalemprego.com.br\/index.php?rest_route=\/wp\/v2\/posts\/6358\/revisions"}],"wp:attachment":[{"href":"https:\/\/vagas.portalemprego.com.br\/index.php?rest_route=%2Fwp%2Fv2%2Fmedia&parent=6358"}],"wp:term":[{"taxonomy":"category","embeddable":true,"href":"https:\/\/vagas.portalemprego.com.br\/index.php?rest_route=%2Fwp%2Fv2%2Fcategories&post=6358"},{"taxonomy":"post_tag","embeddable":true,"href":"https:\/\/vagas.portalemprego.com.br\/index.php?rest_route=%2Fwp%2Fv2%2Ftags&post=6358"}],"curies":[{"name":"wp","href":"https:\/\/api.w.org\/{rel}","templated":true}]}}