{"id":6359,"date":"2026-04-29T06:08:08","date_gmt":"2026-04-29T09:08:08","guid":{"rendered":"https:\/\/vagas.portalemprego.com.br\/?p=6359"},"modified":"2026-04-29T06:08:08","modified_gmt":"2026-04-29T09:08:08","slug":"operador-de-estacionamento-transportes-rio-de-janeiro","status":"publish","type":"post","link":"https:\/\/vagas.portalemprego.com.br\/?p=6359","title":{"rendered":"Operador de Estacionamento &#8211; Transportes &#8211; Rio de Janeiro"},"content":{"rendered":"<p>Estamos em busca de um Operador de Estacionamento para se juntar ao nosso time.<br \/>\nEste \u00e9 um papel fundamental para garantir a efici\u00eancia e a seguran\u00e7a do nosso estacionamento.<br \/>\nO candidato certo ser\u00e1 respons\u00e1vel por gerenciar o fluxo de ve\u00edculos, garantir o cumprimento das regras de estacionamento e oferecer um excelente atendimento ao cliente.<\/p>\n<p>Voc\u00ea ser\u00e1 o respons\u00e1vel por registrar entradas e sa\u00eddas de ve\u00edculos, emitir tickets e cobrar taxas conforme necess\u00e1rio.<br \/>\nAl\u00e9m disso, dever\u00e1 monitorar o estacionamento para garantir que as regras sejam seguidas e que o local permane\u00e7a organizado e seguro.<br \/>\nO candidato ideal dever\u00e1 ter uma atitude amig\u00e1vel e proativa, com uma boa capacidade de comunica\u00e7\u00e3o e aten\u00e7\u00e3o aos detalhes.<\/p>\n<p>Experi\u00eancia pr\u00e9via em opera\u00e7\u00f5es de estacionamento \u00e9 um diferencial, mas n\u00e3o \u00e9 obrigat\u00f3ria.<br \/>\nSe voc\u00ea tem uma abordagem meticulosa e gosta de trabalhar em um ambiente din\u00e2mico, esta oportunidade pode ser perfeita para voc\u00ea.<br \/>\nOferecemos um ambiente de trabalho acolhedor e uma remunera\u00e7\u00e3o competitiva, al\u00e9m de benef\u00edcios adicionais que ser\u00e3o discutidos durante o processo de contrata\u00e7\u00e3o.<\/p>\n<p>Se voc\u00ea est\u00e1 procurando uma oportunidade para aplicar suas habilidades de organiza\u00e7\u00e3o e atendimento ao cliente em um ambiente de estacionamento, esta \u00e9 uma chance que n\u00e3o pode perder.<br \/>\nJunte-se a n\u00f3s e fa\u00e7a parte de uma equipe dedicada a manter um espa\u00e7o eficiente e agrad\u00e1vel para todos os usu\u00e1rios.<\/p>\n<p>Aplicar para esta posi\u00e7\u00e3o \u00e9 uma oportunidade para contribuir para a nossa miss\u00e3o de oferecer um servi\u00e7o de estacionamento confi\u00e1vel e amig\u00e1vel.<br \/>\nEstamos ansiosos para conhecer algu\u00e9m que compartilhe nosso compromisso com a excel\u00eancia e a satisfa\u00e7\u00e3o do cliente.<\/p>\n<ul>\n<li>Local de trabalho: Rio de Janeiro, RJ<\/li>\n<li>Regime de contrata\u00e7\u00e3o de tipo: Efetivo \u2013 CLT<\/li>\n<li>Jornada: Per\u00edodo Integral<\/li>\n<li>\u00c1rea e especializa\u00e7\u00e3o profissional: Transportes &#8211; Manobrista<\/li>\n<li>N\u00edvel hier\u00e1rquico: Operacional<\/li>\n<\/ul>\n<p>Escolaridade M\u00ednima: Ensino M\u00e9dio (2\u00ba Grau)<\/p>\n<ul>\n<li>SEGURO DE VIDA<\/li>\n<li>VALE ALIMENTA\u00c7\u00c3O<\/li>\n<li>CONVENIO M\u00c9DICO<\/li>\n<li>CONV\u00caNIO ODONTOLOGICO<\/li>\n<li>PARCERIAS EDUCACIONAIS<\/li>\n<li>BONIFICA\u00c7\u00c3O SEMESTRAL\/ANUAL<\/li>\n<\/ul>\n<p>Sal\u00e1rio: 1518,0<\/p>\n","protected":false},"excerpt":{"rendered":"<p>Estamos em busca de um Operador de Estacionamento para se juntar ao nosso time. Este \u00e9 um papel fundamental para garantir a efici\u00eancia e a seguran\u00e7a do nosso estacionamento. O candidato certo ser\u00e1 respons\u00e1vel por gerenciar o fluxo de ve\u00edculos, garantir o cumprimento das regras de estacionamento e oferecer um excelente atendimento ao cliente. Voc\u00ea [&hellip;]<\/p>\n","protected":false},"author":1,"featured_media":0,"comment_status":"open","ping_status":"open","sticky":false,"template":"","format":"standard","meta":{"footnotes":""},"categories":[21],"tags":[],"class_list":["post-6359","post","type-post","status-publish","format-standard","hentry","category-rio-de-janeiro-rj"],"_links":{"self":[{"href":"https:\/\/vagas.portalemprego.com.br\/index.php?rest_route=\/wp\/v2\/posts\/6359","targetHints":{"allow":["GET"]}}],"collection":[{"href":"https:\/\/vagas.portalemprego.com.br\/index.php?rest_route=\/wp\/v2\/posts"}],"about":[{"href":"https:\/\/vagas.portalemprego.com.br\/index.php?rest_route=\/wp\/v2\/types\/post"}],"author":[{"embeddable":true,"href":"https:\/\/vagas.portalemprego.com.br\/index.php?rest_route=\/wp\/v2\/users\/1"}],"replies":[{"embeddable":true,"href":"https:\/\/vagas.portalemprego.com.br\/index.php?rest_route=%2Fwp%2Fv2%2Fcomments&post=6359"}],"version-history":[{"count":0,"href":"https:\/\/vagas.portalemprego.com.br\/index.php?rest_route=\/wp\/v2\/posts\/6359\/revisions"}],"wp:attachment":[{"href":"https:\/\/vagas.portalemprego.com.br\/index.php?rest_route=%2Fwp%2Fv2%2Fmedia&parent=6359"}],"wp:term":[{"taxonomy":"category","embeddable":true,"href":"https:\/\/vagas.portalemprego.com.br\/index.php?rest_route=%2Fwp%2Fv2%2Fcategories&post=6359"},{"taxonomy":"post_tag","embeddable":true,"href":"https:\/\/vagas.portalemprego.com.br\/index.php?rest_route=%2Fwp%2Fv2%2Ftags&post=6359"}],"curies":[{"name":"wp","href":"https:\/\/api.w.org\/{rel}","templated":true}]}}