{"id":6360,"date":"2026-04-29T06:08:08","date_gmt":"2026-04-29T09:08:08","guid":{"rendered":"https:\/\/vagas.portalemprego.com.br\/?p=6360"},"modified":"2026-04-29T06:08:08","modified_gmt":"2026-04-29T09:08:08","slug":"assistente-de-producao-de-conteudo-informatica-ti-telecomunicacoes-rio-de-janeiro","status":"publish","type":"post","link":"https:\/\/vagas.portalemprego.com.br\/?p=6360","title":{"rendered":"Assistente de Produ\u00e7\u00e3o de Conte\u00fado &#8211; Inform\u00e1tica, TI, Telecomunica\u00e7\u00f5es &#8211; Rio de Janeiro"},"content":{"rendered":"<p>Estamos em busca de um Assistente de Produ\u00e7\u00e3o de Conte\u00fado para se juntar \u00e0 nossa equipe din\u00e2mica e criativa.<br \/>\nSe voc\u00ea \u00e9 uma pessoa proativa, com uma forte vontade de aprender e crescer, essa \u00e9 a oportunidade perfeita para voc\u00ea.<\/p>\n<p>Como Assistente de Produ\u00e7\u00e3o de Conte\u00fado, voc\u00ea ser\u00e1 respons\u00e1vel por auxiliar na cria\u00e7\u00e3o e organiza\u00e7\u00e3o de diversos materiais de comunica\u00e7\u00e3o, incluindo textos, imagens e outros recursos visuais.<br \/>\nSua capacidade de organiza\u00e7\u00e3o e aten\u00e7\u00e3o aos detalhes ser\u00e1 fundamental para garantir a qualidade e a consist\u00eancia dos nossos conte\u00fados.<\/p>\n<p>Voc\u00ea deve ter um senso est\u00e9tico apurado, com aten\u00e7\u00e3o especial a presentes, cores, papelaria e bal\u00f5es, pois ser\u00e1 respons\u00e1vel por contribuir com ideias criativas que ajudem a tornar nossos eventos e materiais ainda mais atraentes.<br \/>\nAl\u00e9m disso, a boa comunica\u00e7\u00e3o escrita e verbal \u00e9 essencial para colaborar com diferentes equipes e garantir que todos os conte\u00fados estejam alinhados com as nossas metas e valores.<\/p>\n<p>O esp\u00edrito de equipe, colabora\u00e7\u00e3o e comprometimento s\u00e3o valores fundamentais para este cargo.<br \/>\nVoc\u00ea deve ser capaz de trabalhar em um ambiente de equipe, compartilhando ideias e contribuindo para um ambiente de trabalho positivo e produtivo.<\/p>\n<p>Se voc\u00ea est\u00e1 procurando um ambiente onde sua criatividade pode florescer e sua proatividade ser\u00e1 recompensada, esta \u00e9 a oportunidade ideal para voc\u00ea.<br \/>\nJunte-se \u00e0 nossa equipe e fa\u00e7a parte de um projeto inovador e em constante crescimento.<\/p>\n<p>Responsabilidades<br \/>\nMontar cestas de presentes sob demanda, kits personalizados e conferir brindes conforme os pedidos.<br \/>\nApoiar o processo log\u00edstico: organizar o estoque, acompanhar entregas, retiradas e envios com motoboys, motoristas e transportadoras.<br \/>\nAuxiliar na organiza\u00e7\u00e3o da rotina e dos fluxos de produ\u00e7\u00e3o do Ateli\u00ea.<br \/>\nCriar conte\u00fado para redes sociais (fotos, v\u00eddeos, reels, stories) e canais de venda digital (Instagram, Facebook, Google, entre outros).<br \/>\nEditar imagens e v\u00eddeos para divulga\u00e7\u00e3o de produtos e campanhas.<br \/>\nProspectar empresas e parceiros locais para a\u00e7\u00f5es comerciais e institucionais.<br \/>\nRealizar or\u00e7amentos e acompanhar pedidos.<br \/>\nEmitir Notas Fiscais e apoiar nos processos administrativos b\u00e1sicos.<br \/>\nAtender clientes e fornecedores com simpatia, clareza e agilidade.<\/p>\n<p>Requisitos<br \/>\nEnsino m\u00e9dio completo (superior em andamento ser\u00e1 considerado um diferencial).<br \/>\nFacilidade com redes sociais, fotografia, v\u00eddeo e edi\u00e7\u00e3o de conte\u00fado.<br \/>\nExperi\u00eancia pr\u00e9via com atendimento ao cliente, produ\u00e7\u00e3o artesanal ou marketing digital (diferencial).<br \/>\nConhecimentos b\u00e1sicos em aplicativos de edi\u00e7\u00e3o, como Canva.<br \/>\nDisponibilidade para trabalho presencial em Campinas.<\/p>\n<ul>\n<li>Local de trabalho: Rio de Janeiro, RJ<\/li>\n<li>Regime de contrata\u00e7\u00e3o de tipo: Efetivo \u2013 CLT<\/li>\n<li>Jornada: Per\u00edodo Integral<\/li>\n<li>\u00c1rea e especializa\u00e7\u00e3o profissional: Inform\u00e1tica, TI, Telecomunica\u00e7\u00f5es &#8211; Internet \/ Web Design<\/li>\n<li>N\u00edvel hier\u00e1rquico: Assistente<\/li>\n<\/ul>\n<p>HABILIDADES<\/p>\n<ul>\n<li>Proatividade e vontade de aprender. Organiza\u00e7\u00e3o e aten\u00e7\u00e3o aos detalhes. Criatividade e senso est\u00e9tico apurado (com aten\u00e7\u00e3o a presentes, cores, papelaria e bal\u00f5es). Boa comunica\u00e7\u00e3o escrita e verbal. Esp\u00edrito de equipe, colabora\u00e7\u00e3o e comprometimento. Intere<\/li>\n<\/ul>\n<p>Escolaridade M\u00ednima: Ensino Superior<\/p>\n<p>Sal\u00e1rio: 19983,0<\/p>\n","protected":false},"excerpt":{"rendered":"<p>Estamos em busca de um Assistente de Produ\u00e7\u00e3o de Conte\u00fado para se juntar \u00e0 nossa equipe din\u00e2mica e criativa. Se voc\u00ea \u00e9 uma pessoa proativa, com uma forte vontade de aprender e crescer, essa \u00e9 a oportunidade perfeita para voc\u00ea. Como Assistente de Produ\u00e7\u00e3o de Conte\u00fado, voc\u00ea ser\u00e1 respons\u00e1vel por auxiliar na cria\u00e7\u00e3o e organiza\u00e7\u00e3o [&hellip;]<\/p>\n","protected":false},"author":1,"featured_media":0,"comment_status":"open","ping_status":"open","sticky":false,"template":"","format":"standard","meta":{"footnotes":""},"categories":[21],"tags":[],"class_list":["post-6360","post","type-post","status-publish","format-standard","hentry","category-rio-de-janeiro-rj"],"_links":{"self":[{"href":"https:\/\/vagas.portalemprego.com.br\/index.php?rest_route=\/wp\/v2\/posts\/6360","targetHints":{"allow":["GET"]}}],"collection":[{"href":"https:\/\/vagas.portalemprego.com.br\/index.php?rest_route=\/wp\/v2\/posts"}],"about":[{"href":"https:\/\/vagas.portalemprego.com.br\/index.php?rest_route=\/wp\/v2\/types\/post"}],"author":[{"embeddable":true,"href":"https:\/\/vagas.portalemprego.com.br\/index.php?rest_route=\/wp\/v2\/users\/1"}],"replies":[{"embeddable":true,"href":"https:\/\/vagas.portalemprego.com.br\/index.php?rest_route=%2Fwp%2Fv2%2Fcomments&post=6360"}],"version-history":[{"count":0,"href":"https:\/\/vagas.portalemprego.com.br\/index.php?rest_route=\/wp\/v2\/posts\/6360\/revisions"}],"wp:attachment":[{"href":"https:\/\/vagas.portalemprego.com.br\/index.php?rest_route=%2Fwp%2Fv2%2Fmedia&parent=6360"}],"wp:term":[{"taxonomy":"category","embeddable":true,"href":"https:\/\/vagas.portalemprego.com.br\/index.php?rest_route=%2Fwp%2Fv2%2Fcategories&post=6360"},{"taxonomy":"post_tag","embeddable":true,"href":"https:\/\/vagas.portalemprego.com.br\/index.php?rest_route=%2Fwp%2Fv2%2Ftags&post=6360"}],"curies":[{"name":"wp","href":"https:\/\/api.w.org\/{rel}","templated":true}]}}