{"id":6365,"date":"2026-04-29T06:08:08","date_gmt":"2026-04-29T09:08:08","guid":{"rendered":"https:\/\/vagas.portalemprego.com.br\/?p=6365"},"modified":"2026-04-29T06:08:08","modified_gmt":"2026-04-29T09:08:08","slug":"vendedor-comercial-vendas-rio-de-janeiro-14","status":"publish","type":"post","link":"https:\/\/vagas.portalemprego.com.br\/?p=6365","title":{"rendered":"Vendedor &#8211; Comercial, Vendas &#8211; Rio de Janeiro"},"content":{"rendered":"<p>**Vaga de Emprego: Vendedor**<\/p>\n<p>Estamos em busca de um profissional din\u00e2mico e engajado para compor nosso time de vendas na \u00e1rea do Shopping Leblon.<br \/>\nSe voc\u00ea tem experi\u00eancia comprovada em vendas, adora desafios e est\u00e1 pronto para atuar em um ambiente de alta performance, esta oportunidade \u00e9 para voc\u00ea.<\/p>\n<p>**Requisitos:**<\/p>\n<p>&#8211; Ensino m\u00e9dio completo;<br \/>\n&#8211; Experi\u00eancia com vendas, preferencialmente em ambientes comerciais ou de varejo;<br \/>\n&#8211; Experi\u00eancia em atua\u00e7\u00e3o com metas e press\u00e3o, demonstrando capacidade de atingir resultados em um ambiente competitivo;<br \/>\n&#8211; Experi\u00eancia com atendimento ao p\u00fablico, com foco em proporcionar uma excelente experi\u00eancia ao cliente;<br \/>\n&#8211; F\u00e1cil acesso ao Shopping Leblon;<br \/>\n&#8211; Disponibilidade para atuar no hor\u00e1rio de fechamento, saindo \u00e0s 22h20.<\/p>\n<p>**Benef\u00edcios:**<\/p>\n<p>&#8211; Sal\u00e1rio fixo + comiss\u00e3o;<br \/>\n&#8211; Vale transporte;<br \/>\n&#8211; Vale refei\u00e7\u00e3o de R$31,60 dia;<br \/>\n&#8211; Possibilidade de efetiva\u00e7\u00e3o.<\/p>\n<p>Se voc\u00ea \u00e9 uma pessoa motivada, com uma forte \u00e9tica de trabalho e habilidades de comunica\u00e7\u00e3o, envie seu curr\u00edculo para a vaga.<\/p>\n<p>Aguardamos seu contato para iniciar um novo e desafiador cap\u00edtulo em sua carreira.<\/p>\n<ul>\n<li>Local de trabalho: Rio de Janeiro, RJ<\/li>\n<li>Regime de contrata\u00e7\u00e3o de tipo: Tempor\u00e1rio<\/li>\n<li>Jornada: Per\u00edodo Integral<\/li>\n<li>\u00c1rea e especializa\u00e7\u00e3o profissional: Comercial, Vendas &#8211; Lojas \/ Shopping<\/li>\n<li>N\u00edvel hier\u00e1rquico: Operacional<\/li>\n<\/ul>\n<p>VALORIZADO<\/p>\n<p>Tempo de experi\u00eancia: Entre 1 e 3 anos<\/p>\n<p>HABILIDADES<\/p>\n<ul>\n<li>Ensino m\u00e9dio completo<\/li>\n<li>Experi\u00eancia com vendas<\/li>\n<li>Experi\u00eancia em atua\u00e7\u00e3o com metas e press\u00e3o<\/li>\n<li>Experi\u00eancia com atendimento ao p\u00fablico<\/li>\n<li>F\u00e1cil acesso ao Shopping Leblon<\/li>\n<li>Disponibilidade para atuar no hor\u00e1rio de fechamento saindo 22h20<\/li>\n<\/ul>\n<p>Escolaridade M\u00ednima: Ensino M\u00e9dio (2\u00ba Grau)<\/p>\n<ul>\n<li>Vale-transporte<\/li>\n<li>Vale-refei\u00e7\u00e3o<\/li>\n<\/ul>\n<p>Sal\u00e1rio: 1760,0<\/p>\n","protected":false},"excerpt":{"rendered":"<p>**Vaga de Emprego: Vendedor** Estamos em busca de um profissional din\u00e2mico e engajado para compor nosso time de vendas na \u00e1rea do Shopping Leblon. Se voc\u00ea tem experi\u00eancia comprovada em vendas, adora desafios e est\u00e1 pronto para atuar em um ambiente de alta performance, esta oportunidade \u00e9 para voc\u00ea. **Requisitos:** &#8211; Ensino m\u00e9dio completo; &#8211; [&hellip;]<\/p>\n","protected":false},"author":1,"featured_media":0,"comment_status":"open","ping_status":"open","sticky":false,"template":"","format":"standard","meta":{"footnotes":""},"categories":[21],"tags":[],"class_list":["post-6365","post","type-post","status-publish","format-standard","hentry","category-rio-de-janeiro-rj"],"_links":{"self":[{"href":"https:\/\/vagas.portalemprego.com.br\/index.php?rest_route=\/wp\/v2\/posts\/6365","targetHints":{"allow":["GET"]}}],"collection":[{"href":"https:\/\/vagas.portalemprego.com.br\/index.php?rest_route=\/wp\/v2\/posts"}],"about":[{"href":"https:\/\/vagas.portalemprego.com.br\/index.php?rest_route=\/wp\/v2\/types\/post"}],"author":[{"embeddable":true,"href":"https:\/\/vagas.portalemprego.com.br\/index.php?rest_route=\/wp\/v2\/users\/1"}],"replies":[{"embeddable":true,"href":"https:\/\/vagas.portalemprego.com.br\/index.php?rest_route=%2Fwp%2Fv2%2Fcomments&post=6365"}],"version-history":[{"count":0,"href":"https:\/\/vagas.portalemprego.com.br\/index.php?rest_route=\/wp\/v2\/posts\/6365\/revisions"}],"wp:attachment":[{"href":"https:\/\/vagas.portalemprego.com.br\/index.php?rest_route=%2Fwp%2Fv2%2Fmedia&parent=6365"}],"wp:term":[{"taxonomy":"category","embeddable":true,"href":"https:\/\/vagas.portalemprego.com.br\/index.php?rest_route=%2Fwp%2Fv2%2Fcategories&post=6365"},{"taxonomy":"post_tag","embeddable":true,"href":"https:\/\/vagas.portalemprego.com.br\/index.php?rest_route=%2Fwp%2Fv2%2Ftags&post=6365"}],"curies":[{"name":"wp","href":"https:\/\/api.w.org\/{rel}","templated":true}]}}