{"id":6367,"date":"2026-04-29T06:08:08","date_gmt":"2026-04-29T09:08:08","guid":{"rendered":"https:\/\/vagas.portalemprego.com.br\/?p=6367"},"modified":"2026-04-29T06:08:08","modified_gmt":"2026-04-29T09:08:08","slug":"analista-de-compras-compras-rio-de-janeiro-4","status":"publish","type":"post","link":"https:\/\/vagas.portalemprego.com.br\/?p=6367","title":{"rendered":"Analista de Compras &#8211; Compras &#8211; Rio de Janeiro"},"content":{"rendered":"<p>Vaga de Emprego: Analista de Compras<\/p>\n<p>Estamos em busca de um profissional qualificado para o cargo de Analista de Compras.<\/p>\n<p>O candidato ideal dever\u00e1 ter Ensino Superior completo nas \u00e1reas de Administra\u00e7\u00e3o, Contabilidade, Engenharia ou Log\u00edstica, ou \u00e1reas correlatas.<br \/>\nExperi\u00eancia comprovada em log\u00edstica, compras e emiss\u00e3o de notas fiscais eletr\u00f4nicas \u00e9 essencial.<br \/>\nAl\u00e9m disso, a concilia\u00e7\u00e3o de pedidos de compras e avalia\u00e7\u00e3o de fornecedores s\u00e3o requisitos fundamentais para o desempenho do cargo.<br \/>\nO conhecimento avan\u00e7ado em Excel ou conhecimento em Power BI ser\u00e3o diferenciais.<\/p>\n<p>Como Analista de Compras, voc\u00ea ser\u00e1 respons\u00e1vel por gerenciar processos de aquisi\u00e7\u00e3o, garantir a entrega pontual de materiais e produtos, e colaborar na otimiza\u00e7\u00e3o de custos.<br \/>\nO profissional dever\u00e1 trabalhar em estreita colabora\u00e7\u00e3o com as equipes de log\u00edstica e produ\u00e7\u00e3o para garantir que as necessidades da empresa sejam atendidas de forma eficiente e dentro dos prazos estabelecidos.<\/p>\n<p>O candidato deve demonstrar habilidades anal\u00edticas, capacidade de negocia\u00e7\u00e3o e gest\u00e3o de fornecedores, al\u00e9m de uma forte \u00e9tica de trabalho e comprometimento com a qualidade.<\/p>\n<p>Interessados devem enviar seu curr\u00edculo para a vaga dispon\u00edvel.<\/p>\n<p>Aguardamos seu contato para uma poss\u00edvel entrevista.<\/p>\n<ul>\n<li>Local de trabalho: Rio de Janeiro, RJ<\/li>\n<li>Regime de contrata\u00e7\u00e3o de tipo: Tempor\u00e1rio<\/li>\n<li>Jornada: Per\u00edodo Integral<\/li>\n<li>\u00c1rea e especializa\u00e7\u00e3o profissional: Compras &#8211; Suprimentos<\/li>\n<li>N\u00edvel hier\u00e1rquico: Analista<\/li>\n<\/ul>\n<p>VALORIZADO<\/p>\n<p>Tempo de experi\u00eancia: Entre 1 e 3 anos<\/p>\n<p>HABILIDADES<\/p>\n<ul>\n<li>Experi\u00eancia com concilia\u00e7\u00e3o de pedidos de compras e avalia\u00e7\u00e3o de fornecedores<\/li>\n<li>Experi\u00eancia com log\u00edstica, compras e notas fiscais eletr\u00f4nicas<\/li>\n<li>Ensino Superior completa em Administra\u00e7\u00e3o, Contabilidade, Engenharia, Log\u00edstica ou \u00e1reas correlatas<\/li>\n<\/ul>\n<p>Escolaridade M\u00ednima: Ensino Superior<\/p>\n<ul>\n<li>Vale-refei\u00e7\u00e3o<\/li>\n<li>Vale-transporte<\/li>\n<\/ul>\n<p>Sal\u00e1rio: 3100,0<\/p>\n","protected":false},"excerpt":{"rendered":"<p>Vaga de Emprego: Analista de Compras Estamos em busca de um profissional qualificado para o cargo de Analista de Compras. O candidato ideal dever\u00e1 ter Ensino Superior completo nas \u00e1reas de Administra\u00e7\u00e3o, Contabilidade, Engenharia ou Log\u00edstica, ou \u00e1reas correlatas. Experi\u00eancia comprovada em log\u00edstica, compras e emiss\u00e3o de notas fiscais eletr\u00f4nicas \u00e9 essencial. Al\u00e9m disso, a [&hellip;]<\/p>\n","protected":false},"author":1,"featured_media":0,"comment_status":"open","ping_status":"open","sticky":false,"template":"","format":"standard","meta":{"footnotes":""},"categories":[21],"tags":[],"class_list":["post-6367","post","type-post","status-publish","format-standard","hentry","category-rio-de-janeiro-rj"],"_links":{"self":[{"href":"https:\/\/vagas.portalemprego.com.br\/index.php?rest_route=\/wp\/v2\/posts\/6367","targetHints":{"allow":["GET"]}}],"collection":[{"href":"https:\/\/vagas.portalemprego.com.br\/index.php?rest_route=\/wp\/v2\/posts"}],"about":[{"href":"https:\/\/vagas.portalemprego.com.br\/index.php?rest_route=\/wp\/v2\/types\/post"}],"author":[{"embeddable":true,"href":"https:\/\/vagas.portalemprego.com.br\/index.php?rest_route=\/wp\/v2\/users\/1"}],"replies":[{"embeddable":true,"href":"https:\/\/vagas.portalemprego.com.br\/index.php?rest_route=%2Fwp%2Fv2%2Fcomments&post=6367"}],"version-history":[{"count":0,"href":"https:\/\/vagas.portalemprego.com.br\/index.php?rest_route=\/wp\/v2\/posts\/6367\/revisions"}],"wp:attachment":[{"href":"https:\/\/vagas.portalemprego.com.br\/index.php?rest_route=%2Fwp%2Fv2%2Fmedia&parent=6367"}],"wp:term":[{"taxonomy":"category","embeddable":true,"href":"https:\/\/vagas.portalemprego.com.br\/index.php?rest_route=%2Fwp%2Fv2%2Fcategories&post=6367"},{"taxonomy":"post_tag","embeddable":true,"href":"https:\/\/vagas.portalemprego.com.br\/index.php?rest_route=%2Fwp%2Fv2%2Ftags&post=6367"}],"curies":[{"name":"wp","href":"https:\/\/api.w.org\/{rel}","templated":true}]}}