{"id":6368,"date":"2026-04-29T06:08:08","date_gmt":"2026-04-29T09:08:08","guid":{"rendered":"https:\/\/vagas.portalemprego.com.br\/?p=6368"},"modified":"2026-04-29T06:08:08","modified_gmt":"2026-04-29T09:08:08","slug":"auxiliar-de-limpeza-pcd-exclusivo-para-profissionais-com-deficiencia-centro-rj-hotelaria-turismo-rio-de-janeiro","status":"publish","type":"post","link":"https:\/\/vagas.portalemprego.com.br\/?p=6368","title":{"rendered":"AUXILIAR DE LIMPEZA &#8211; PcD (Exclusivo para profissionais com defici\u00eancia) &#8211; Centro\/RJ &#8211; Hotelaria, Turismo &#8211; Rio de Janeiro"},"content":{"rendered":"<p>A C\u00e9lula de Inclus\u00e3o da GiGroup, em parceria com uma *conceituada Rede Hoteleira* no Rio de Janeiro, est\u00e1 contratando:<\/p>\n<p>* AUXILIAR DE LIMPEZA &#8211; PcD (Exclusivo para profissionais com defici\u00eancia)*<\/p>\n<p>*Local:* Santo Cristo\/RJ<\/p>\n<p>*TIPO DE CONTRATA\u00c7\u00c3O:* CLT \/ Efetiva<\/p>\n<p>*REQUISITOS:*<br \/>\n\u2022\tEnsino Fundamental completo<br \/>\n\u2022\tDesej\u00e1vel Curso de boas pr\u00e1ticas de seguran\u00e7a alimentar<br \/>\n\u2022\tDesej\u00e1vel experi\u00eancia na \u00e1rea<br \/>\n\u2022\tLaudo m\u00e9dico atualizado com CID <\/p>\n<p>*ATIVIDADES:*<br \/>\n\u2022\tLavar lou\u00e7as, panelas e utens\u00edlios manualmente ou com m\u00e1quina.<br \/>\n\u2022\tLimpar \u00e1reas da cozinha e instala\u00e7\u00f5es associadas (equipamentos, refeit\u00f3rio, copa e \u00e1reas de circula\u00e7\u00e3o de alimentos).<br \/>\n\u2022\tColetar e separar lixo para reciclagem em locais apropriados.<br \/>\n\u2022\tAplicar boas pr\u00e1ticas de seguran\u00e7a alimentar.<br \/>\n\u2022\tOrganizar, separar e armazenar materiais e utens\u00edlios de cozinha.<br \/>\n\u2022\tMontar e desmontar refeit\u00f3rios (pratos, talheres, guardanapos e condu\u00e7\u00e3o de cubas com alimentos).<br \/>\n\u2022\tExecutar outras tarefas correlatas conforme necessidade da \u00e1rea.<\/p>\n<p>*HOR\u00c1RIO DE TRABALHO:* escala de 6&#215;1 hor\u00e1rio a definir<\/p>\n<p>BENEF\u00cdCIOS: Plano de sa\u00fade com co-participa\u00e7\u00e3o, Plano odontol\u00f3gico, Participa\u00e7\u00e3o nos lucros (PPR), Aux\u00edlio alimenta\u00e7\u00e3o flex\u00edvel, Vale transporte, Descontos em hospedagens na rede, Reconhecimento trimestral para funcion\u00e1rios destaque,  Parcerias e conv\u00eanios com institui\u00e7\u00f5es de ensino e com\u00e9rcio<\/p>\n<p>SAL\u00c1RIO COMPAT\u00cdVEL COM MERCADO<\/p>\n<ul>\n<li>N\u00famero de vagas: 4<\/li>\n<li>Local de trabalho: Rio de Janeiro, RJ<\/li>\n<li>Regime de contrata\u00e7\u00e3o de tipo: Efetivo \u2013 CLT<\/li>\n<li>Jornada: Per\u00edodo Integral<\/li>\n<li>\u00c1rea e especializa\u00e7\u00e3o profissional: Hotelaria, Turismo &#8211; Hotelaria<\/li>\n<li>N\u00edvel hier\u00e1rquico: Auxiliar<\/li>\n<\/ul>\n<p>Escolaridade M\u00ednima: Ensino Fundamental (1\u00ba grau)<\/p>\n<p>Sal\u00e1rio: 1602,0<\/p>\n","protected":false},"excerpt":{"rendered":"<p>A C\u00e9lula de Inclus\u00e3o da GiGroup, em parceria com uma *conceituada Rede Hoteleira* no Rio de Janeiro, est\u00e1 contratando: * AUXILIAR DE LIMPEZA &#8211; PcD (Exclusivo para profissionais com defici\u00eancia)* *Local:* Santo Cristo\/RJ *TIPO DE CONTRATA\u00c7\u00c3O:* CLT \/ Efetiva *REQUISITOS:* \u2022 Ensino Fundamental completo \u2022 Desej\u00e1vel Curso de boas pr\u00e1ticas de seguran\u00e7a alimentar \u2022 Desej\u00e1vel [&hellip;]<\/p>\n","protected":false},"author":1,"featured_media":0,"comment_status":"open","ping_status":"open","sticky":false,"template":"","format":"standard","meta":{"footnotes":""},"categories":[21],"tags":[],"class_list":["post-6368","post","type-post","status-publish","format-standard","hentry","category-rio-de-janeiro-rj"],"_links":{"self":[{"href":"https:\/\/vagas.portalemprego.com.br\/index.php?rest_route=\/wp\/v2\/posts\/6368","targetHints":{"allow":["GET"]}}],"collection":[{"href":"https:\/\/vagas.portalemprego.com.br\/index.php?rest_route=\/wp\/v2\/posts"}],"about":[{"href":"https:\/\/vagas.portalemprego.com.br\/index.php?rest_route=\/wp\/v2\/types\/post"}],"author":[{"embeddable":true,"href":"https:\/\/vagas.portalemprego.com.br\/index.php?rest_route=\/wp\/v2\/users\/1"}],"replies":[{"embeddable":true,"href":"https:\/\/vagas.portalemprego.com.br\/index.php?rest_route=%2Fwp%2Fv2%2Fcomments&post=6368"}],"version-history":[{"count":0,"href":"https:\/\/vagas.portalemprego.com.br\/index.php?rest_route=\/wp\/v2\/posts\/6368\/revisions"}],"wp:attachment":[{"href":"https:\/\/vagas.portalemprego.com.br\/index.php?rest_route=%2Fwp%2Fv2%2Fmedia&parent=6368"}],"wp:term":[{"taxonomy":"category","embeddable":true,"href":"https:\/\/vagas.portalemprego.com.br\/index.php?rest_route=%2Fwp%2Fv2%2Fcategories&post=6368"},{"taxonomy":"post_tag","embeddable":true,"href":"https:\/\/vagas.portalemprego.com.br\/index.php?rest_route=%2Fwp%2Fv2%2Ftags&post=6368"}],"curies":[{"name":"wp","href":"https:\/\/api.w.org\/{rel}","templated":true}]}}