{"id":6369,"date":"2026-04-29T06:08:08","date_gmt":"2026-04-29T09:08:08","guid":{"rendered":"https:\/\/vagas.portalemprego.com.br\/?p=6369"},"modified":"2026-04-29T06:08:08","modified_gmt":"2026-04-29T09:08:08","slug":"auxiliar-de-cozinha-pcd-exclusivo-para-profissionais-com-deficiencia-hotelaria-turismo-rio-de-janeiro","status":"publish","type":"post","link":"https:\/\/vagas.portalemprego.com.br\/?p=6369","title":{"rendered":"AUXILIAR DE COZINHA &#8211; PcD (Exclusivo para profissionais com defici\u00eancia) &#8211; Hotelaria, Turismo &#8211; Rio de Janeiro"},"content":{"rendered":"<p>A C\u00e9lula de Inclus\u00e3o da GiGroup, em parceria com uma *conceituada Rede Hoteleira* no Rio de Janeiro, est\u00e1 contratando:<\/p>\n<p>*AUXILIAR DE COZINHA &#8211; PcD (Exclusivo para profissionais com defici\u00eancia)*<\/p>\n<p>*Local:* Santo Cristo\/RJ<\/p>\n<p>*TIPO DE CONTRATA\u00c7\u00c3O:* CLT \/ Efetiva<\/p>\n<p>*REQUISITOS:*<br \/>\n\u2022 Ensino M\u00e9dio Cursando<br \/>\n\u2022 Experi\u00eancia anterior (desej\u00e1vel)<br \/>\n\u2022 Curso de boas pr\u00e1ticas de seguran\u00e7a alimentar (Desej\u00e1vel)<br \/>\n\u2022 Laudo m\u00e9dico atualizado com CID <\/p>\n<p>*ATIVIDADES:*<br \/>\n\u2022 Auxiliar no pr\u00e9-preparo e preparo dos alimentos conforme card\u00e1pio do restaurante, buffet e eventos<br \/>\n\u2022 Aplicar e seguir as boas pr\u00e1ticas de seguran\u00e7a alimentar exigidas pelo setor<br \/>\n\u2022 Reposi\u00e7\u00e3o de itens do buffet e organiza\u00e7\u00e3o do refeit\u00f3rio<br \/>\n\u2022 Executar fun\u00e7\u00f5es de Steward, quando necess\u00e1rio<br \/>\n\u2022 Garantir a limpeza e organiza\u00e7\u00e3o da \u00e1rea de trabalho<br \/>\n\u2022 Atuar com agilidade, proatividade e comprometimento, colaborando com a equipe de cozinha.<\/p>\n<p>*HOR\u00c1RIO DE TRABALHO:* escala de 6&#215;1 hor\u00e1rio a definir<\/p>\n<p>BENEF\u00cdCIOS: Plano de sa\u00fade com co-participa\u00e7\u00e3o, Plano odontol\u00f3gico, Participa\u00e7\u00e3o nos lucros (PPR), Aux\u00edlio alimenta\u00e7\u00e3o flex\u00edvel, Vale transporte, Descontos em hospedagens na rede, Reconhecimento trimestral para funcion\u00e1rios destaque,  Parcerias e conv\u00eanios com institui\u00e7\u00f5es de ensino e com\u00e9rcio<\/p>\n<p>SAL\u00c1RIO COMPAT\u00cdVEL COM MERCADO<\/p>\n<ul>\n<li>N\u00famero de vagas: 4<\/li>\n<li>Local de trabalho: Rio de Janeiro, RJ<\/li>\n<li>Regime de contrata\u00e7\u00e3o de tipo: Efetivo \u2013 CLT<\/li>\n<li>Jornada: Per\u00edodo Integral<\/li>\n<li>\u00c1rea e especializa\u00e7\u00e3o profissional: Hotelaria, Turismo &#8211; Hotelaria<\/li>\n<li>N\u00edvel hier\u00e1rquico: Auxiliar<\/li>\n<\/ul>\n<p>Escolaridade M\u00ednima: Ensino M\u00e9dio (2\u00ba Grau)<\/p>\n","protected":false},"excerpt":{"rendered":"<p>A C\u00e9lula de Inclus\u00e3o da GiGroup, em parceria com uma *conceituada Rede Hoteleira* no Rio de Janeiro, est\u00e1 contratando: *AUXILIAR DE COZINHA &#8211; PcD (Exclusivo para profissionais com defici\u00eancia)* *Local:* Santo Cristo\/RJ *TIPO DE CONTRATA\u00c7\u00c3O:* CLT \/ Efetiva *REQUISITOS:* \u2022 Ensino M\u00e9dio Cursando \u2022 Experi\u00eancia anterior (desej\u00e1vel) \u2022 Curso de boas pr\u00e1ticas de seguran\u00e7a alimentar [&hellip;]<\/p>\n","protected":false},"author":1,"featured_media":0,"comment_status":"open","ping_status":"open","sticky":false,"template":"","format":"standard","meta":{"footnotes":""},"categories":[21],"tags":[],"class_list":["post-6369","post","type-post","status-publish","format-standard","hentry","category-rio-de-janeiro-rj"],"_links":{"self":[{"href":"https:\/\/vagas.portalemprego.com.br\/index.php?rest_route=\/wp\/v2\/posts\/6369","targetHints":{"allow":["GET"]}}],"collection":[{"href":"https:\/\/vagas.portalemprego.com.br\/index.php?rest_route=\/wp\/v2\/posts"}],"about":[{"href":"https:\/\/vagas.portalemprego.com.br\/index.php?rest_route=\/wp\/v2\/types\/post"}],"author":[{"embeddable":true,"href":"https:\/\/vagas.portalemprego.com.br\/index.php?rest_route=\/wp\/v2\/users\/1"}],"replies":[{"embeddable":true,"href":"https:\/\/vagas.portalemprego.com.br\/index.php?rest_route=%2Fwp%2Fv2%2Fcomments&post=6369"}],"version-history":[{"count":0,"href":"https:\/\/vagas.portalemprego.com.br\/index.php?rest_route=\/wp\/v2\/posts\/6369\/revisions"}],"wp:attachment":[{"href":"https:\/\/vagas.portalemprego.com.br\/index.php?rest_route=%2Fwp%2Fv2%2Fmedia&parent=6369"}],"wp:term":[{"taxonomy":"category","embeddable":true,"href":"https:\/\/vagas.portalemprego.com.br\/index.php?rest_route=%2Fwp%2Fv2%2Fcategories&post=6369"},{"taxonomy":"post_tag","embeddable":true,"href":"https:\/\/vagas.portalemprego.com.br\/index.php?rest_route=%2Fwp%2Fv2%2Ftags&post=6369"}],"curies":[{"name":"wp","href":"https:\/\/api.w.org\/{rel}","templated":true}]}}