{"id":6372,"date":"2026-04-29T06:09:09","date_gmt":"2026-04-29T09:09:09","guid":{"rendered":"https:\/\/vagas.portalemprego.com.br\/?p=6372"},"modified":"2026-04-29T06:09:09","modified_gmt":"2026-04-29T09:09:09","slug":"asg-servicos-gerais-rio-de-janeiro-3","status":"publish","type":"post","link":"https:\/\/vagas.portalemprego.com.br\/?p=6372","title":{"rendered":"ASG &#8211; Servi\u00e7os Gerais &#8211; Rio de Janeiro"},"content":{"rendered":"<p>Estamos em busca de um profissional dedicado e organizado para o cargo de ASG (Assistente de Servi\u00e7os Gerais).<br \/>\nO candidato selecionado ser\u00e1 respons\u00e1vel por realizar limpeza e conserva\u00e7\u00e3o de ambientes internos e externos, garantindo um espa\u00e7o limpo e agrad\u00e1vel para todos os colaboradores.<\/p>\n<p>Entre as principais responsabilidades:<br \/>\nRealizar limpeza e conserva\u00e7\u00e3o de ambientes internos e externos, incluindo descarte de lixo e irriga\u00e7\u00e3o de plantas.<\/p>\n<p>Organizar m\u00f3veis e materiais, preparar salas para reuni\u00f5es e eventos.<\/p>\n<p>Apoiar na copa: preparar e servir bebidas e lanches, limpar utens\u00edlios.<\/p>\n<p>Auxiliar em pequenos reparos, comunicar problemas maiores \u00e0 equipe t\u00e9cnica.<\/p>\n<p>Receber, organizar e auxiliar na movimenta\u00e7\u00e3o de materiais e m\u00f3veis, inclusive apoio a clientes.<\/p>\n<p>Apoiar no controle de estoque de materiais de limpeza e copa.<\/p>\n<p>Realizar servi\u00e7os externos eventuais (banco, correio, clientes).<\/p>\n<p>Apoiar no transporte interno de documentos e objetos.<\/p>\n<p>O profissional deve ter aten\u00e7\u00e3o aos detalhes, ser proativo e capaz de trabalhar em equipe.<br \/>\n\u00c9 importante que tenha experi\u00eancia em limpeza e organiza\u00e7\u00e3o, com foco na qualidade e efici\u00eancia.<br \/>\nO candidato dever\u00e1 demonstrar comprometimento com o trabalho e habilidade para manter um ambiente limpo e agrad\u00e1vel.<\/p>\n<p>Se voc\u00ea tem experi\u00eancia em servi\u00e7os gerais e est\u00e1 procurando uma oportunidade que valorize seu trabalho, esta \u00e9 a chance ideal para voc\u00ea.<\/p>\n<ul>\n<li>N\u00famero de vagas: 2<\/li>\n<li>Local de trabalho: Rio de Janeiro, RJ<\/li>\n<li>Regime de contrata\u00e7\u00e3o de tipo: Efetivo \u2013 CLT<\/li>\n<li>Jornada: Per\u00edodo Integral<\/li>\n<li>\u00c1rea e especializa\u00e7\u00e3o profissional: Servi\u00e7os Gerais &#8211; Limpeza<\/li>\n<li>N\u00edvel hier\u00e1rquico: Auxiliar<\/li>\n<\/ul>\n<p>VALORIZADO<\/p>\n<p>Tempo de experi\u00eancia: Menos de 1 ano<\/p>\n<p>HABILIDADES<\/p>\n<ul>\n<li>limpeza<\/li>\n<li>proativo<\/li>\n<\/ul>\n<p>Escolaridade M\u00ednima: Ensino Fundamental (1\u00ba grau)<\/p>\n<ul>\n<li>Vale-refei\u00e7\u00e3o<\/li>\n<li>Plano de Sa\u00fade<\/li>\n<li>Vale-transporte<\/li>\n<\/ul>\n","protected":false},"excerpt":{"rendered":"<p>Estamos em busca de um profissional dedicado e organizado para o cargo de ASG (Assistente de Servi\u00e7os Gerais). O candidato selecionado ser\u00e1 respons\u00e1vel por realizar limpeza e conserva\u00e7\u00e3o de ambientes internos e externos, garantindo um espa\u00e7o limpo e agrad\u00e1vel para todos os colaboradores. Entre as principais responsabilidades: Realizar limpeza e conserva\u00e7\u00e3o de ambientes internos e [&hellip;]<\/p>\n","protected":false},"author":1,"featured_media":0,"comment_status":"open","ping_status":"open","sticky":false,"template":"","format":"standard","meta":{"footnotes":""},"categories":[21],"tags":[],"class_list":["post-6372","post","type-post","status-publish","format-standard","hentry","category-rio-de-janeiro-rj"],"_links":{"self":[{"href":"https:\/\/vagas.portalemprego.com.br\/index.php?rest_route=\/wp\/v2\/posts\/6372","targetHints":{"allow":["GET"]}}],"collection":[{"href":"https:\/\/vagas.portalemprego.com.br\/index.php?rest_route=\/wp\/v2\/posts"}],"about":[{"href":"https:\/\/vagas.portalemprego.com.br\/index.php?rest_route=\/wp\/v2\/types\/post"}],"author":[{"embeddable":true,"href":"https:\/\/vagas.portalemprego.com.br\/index.php?rest_route=\/wp\/v2\/users\/1"}],"replies":[{"embeddable":true,"href":"https:\/\/vagas.portalemprego.com.br\/index.php?rest_route=%2Fwp%2Fv2%2Fcomments&post=6372"}],"version-history":[{"count":0,"href":"https:\/\/vagas.portalemprego.com.br\/index.php?rest_route=\/wp\/v2\/posts\/6372\/revisions"}],"wp:attachment":[{"href":"https:\/\/vagas.portalemprego.com.br\/index.php?rest_route=%2Fwp%2Fv2%2Fmedia&parent=6372"}],"wp:term":[{"taxonomy":"category","embeddable":true,"href":"https:\/\/vagas.portalemprego.com.br\/index.php?rest_route=%2Fwp%2Fv2%2Fcategories&post=6372"},{"taxonomy":"post_tag","embeddable":true,"href":"https:\/\/vagas.portalemprego.com.br\/index.php?rest_route=%2Fwp%2Fv2%2Ftags&post=6372"}],"curies":[{"name":"wp","href":"https:\/\/api.w.org\/{rel}","templated":true}]}}