{"id":6373,"date":"2026-04-29T06:09:09","date_gmt":"2026-04-29T09:09:09","guid":{"rendered":"https:\/\/vagas.portalemprego.com.br\/?p=6373"},"modified":"2026-04-29T06:09:09","modified_gmt":"2026-04-29T09:09:09","slug":"auxiliar-administrativo-administracao-rio-de-janeiro-20","status":"publish","type":"post","link":"https:\/\/vagas.portalemprego.com.br\/?p=6373","title":{"rendered":"Auxiliar Administrativo &#8211; Administra\u00e7\u00e3o &#8211; Rio de Janeiro"},"content":{"rendered":"<p>Vaga para Auxiliar Administrativo &#8211; Setor de Seguros<\/p>\n<p>Buscamos dois profissionais com perfil anal\u00edtico, organizado e com viv\u00eancia no mercado de seguros, especialmente no segmento condominial, para atuar no setor respons\u00e1vel pelas cota\u00e7\u00f5es e c\u00e1lculos de ap\u00f3lices. O foco \u00e9 garantir rapidez, exatid\u00e3o e assertividade nas propostas comerciais.<\/p>\n<p>?? Responsabilidades:<\/p>\n<p>Realizar c\u00e1lculos de seguro de condom\u00ednio em sistemas de seguradoras parceiras;<\/p>\n<p>Interpretar e analisar ap\u00f3lices vigentes, condi\u00e7\u00f5es gerais e cota\u00e7\u00f5es comparativas;<\/p>\n<p>Apoiar o time comercial na elabora\u00e7\u00e3o de propostas personalizadas e vantajosas para os clientes;<\/p>\n<p>Acompanhar renova\u00e7\u00f5es, fazer simula\u00e7\u00f5es de valores e identificar oportunidades de economia e melhor cobertura;<\/p>\n<p>Esclarecer d\u00favidas sobre sinistros, coberturas e cl\u00e1usulas espec\u00edficas dos seguros de condom\u00ednio.<\/p>\n<p>?? Requisitos obrigat\u00f3rios:<\/p>\n<p>Experi\u00eancia pr\u00e9via com seguros (de prefer\u00eancia seguro de condom\u00ednio, ou ramos elementares);<\/p>\n<p>Dom\u00ednio dos conceitos b\u00e1sicos: seguro, ap\u00f3lice, pr\u00eamio, sinistro, cobertura, cl\u00e1usulas;<\/p>\n<p>Conhecimento de sistemas de seguradoras (como Allianz, Porto, Bradesco, Pottencial, entre outras);<\/p>\n<p>Habilidade com Excel e ferramentas digitais para controle de cota\u00e7\u00f5es;<\/p>\n<p>Perfil anal\u00edtico, preciso nos detalhes e com senso de urg\u00eancia.<\/p>\n<p>Benef\u00edcios:<\/p>\n<p>Contrato CLT<\/p>\n<p>Sal\u00e1rio: R$2.300<\/p>\n<p>Vale transporte<\/p>\n<p>VR R$35\/dia<\/p>\n<p>Hor\u00e1rio: 9h \u00e0s 18h<\/p>\n<p>Local: Centro do RJ<\/p>\n<ul>\n<li>Local de trabalho: Rio de Janeiro, RJ<\/li>\n<li>Regime de contrata\u00e7\u00e3o de tipo: Efetivo \u2013 CLT<\/li>\n<li>Jornada: Per\u00edodo Integral<\/li>\n<li>\u00c1rea e especializa\u00e7\u00e3o profissional: Administra\u00e7\u00e3o &#8211; Administra\u00e7\u00e3o Geral<\/li>\n<li>N\u00edvel hier\u00e1rquico: Auxiliar<\/li>\n<\/ul>\n<p>VALORIZADO<\/p>\n<p>Tempo de experi\u00eancia: Entre 1 e 3 anos<\/p>\n<p>Escolaridade M\u00ednima: Ensino M\u00e9dio (2\u00ba Grau)<\/p>\n<p>Sal\u00e1rio: 2301,0<\/p>\n","protected":false},"excerpt":{"rendered":"<p>Vaga para Auxiliar Administrativo &#8211; Setor de Seguros Buscamos dois profissionais com perfil anal\u00edtico, organizado e com viv\u00eancia no mercado de seguros, especialmente no segmento condominial, para atuar no setor respons\u00e1vel pelas cota\u00e7\u00f5es e c\u00e1lculos de ap\u00f3lices. O foco \u00e9 garantir rapidez, exatid\u00e3o e assertividade nas propostas comerciais. ?? Responsabilidades: Realizar c\u00e1lculos de seguro de [&hellip;]<\/p>\n","protected":false},"author":1,"featured_media":0,"comment_status":"open","ping_status":"open","sticky":false,"template":"","format":"standard","meta":{"footnotes":""},"categories":[21],"tags":[],"class_list":["post-6373","post","type-post","status-publish","format-standard","hentry","category-rio-de-janeiro-rj"],"_links":{"self":[{"href":"https:\/\/vagas.portalemprego.com.br\/index.php?rest_route=\/wp\/v2\/posts\/6373","targetHints":{"allow":["GET"]}}],"collection":[{"href":"https:\/\/vagas.portalemprego.com.br\/index.php?rest_route=\/wp\/v2\/posts"}],"about":[{"href":"https:\/\/vagas.portalemprego.com.br\/index.php?rest_route=\/wp\/v2\/types\/post"}],"author":[{"embeddable":true,"href":"https:\/\/vagas.portalemprego.com.br\/index.php?rest_route=\/wp\/v2\/users\/1"}],"replies":[{"embeddable":true,"href":"https:\/\/vagas.portalemprego.com.br\/index.php?rest_route=%2Fwp%2Fv2%2Fcomments&post=6373"}],"version-history":[{"count":0,"href":"https:\/\/vagas.portalemprego.com.br\/index.php?rest_route=\/wp\/v2\/posts\/6373\/revisions"}],"wp:attachment":[{"href":"https:\/\/vagas.portalemprego.com.br\/index.php?rest_route=%2Fwp%2Fv2%2Fmedia&parent=6373"}],"wp:term":[{"taxonomy":"category","embeddable":true,"href":"https:\/\/vagas.portalemprego.com.br\/index.php?rest_route=%2Fwp%2Fv2%2Fcategories&post=6373"},{"taxonomy":"post_tag","embeddable":true,"href":"https:\/\/vagas.portalemprego.com.br\/index.php?rest_route=%2Fwp%2Fv2%2Ftags&post=6373"}],"curies":[{"name":"wp","href":"https:\/\/api.w.org\/{rel}","templated":true}]}}