{"id":6375,"date":"2026-04-29T06:09:09","date_gmt":"2026-04-29T09:09:09","guid":{"rendered":"https:\/\/vagas.portalemprego.com.br\/?p=6375"},"modified":"2026-04-29T06:09:09","modified_gmt":"2026-04-29T09:09:09","slug":"inspetor-de-servicos-comercial-vendas-rio-de-janeiro-2","status":"publish","type":"post","link":"https:\/\/vagas.portalemprego.com.br\/?p=6375","title":{"rendered":"Inspetor de Servi\u00e7os &#8211; Comercial, Vendas &#8211; Rio de Janeiro"},"content":{"rendered":"<p>\u2022 Realizar inspe\u00e7\u00f5es peri\u00f3dicas nos locais de presta\u00e7\u00e3o de servi\u00e7os;<br \/>\n\u2022 Avaliar o desempenho da equipe de empacotadores que s\u00e3o prestadores de servi\u00e7os;<br \/>\n\u2022 Identificar e reportar poss\u00edveis problemas ou n\u00e3o conformidades;<br \/>\n\u2022 Garantir o cumprimento dos procedimentos e normas da empresa;<br \/>\n\u2022 Controle sobre atestados m\u00e9dicos e\/ou faltas;<br \/>\n\u2022 Respons\u00e1vel pela comunica\u00e7\u00e3o imediata de colaboradores a serem repostos nos postos de trabalho. <\/p>\n<p>Requisitos:<br \/>\n\u2022 Experi\u00eancia pr\u00e9via como Encarregado, L\u00edder ou Supervisor de Turma;<br \/>\n\u2022 Possuir CNH B em dia;<br \/>\n\u2022 Boa comunica\u00e7\u00e3o e relacionamento interpessoal<br \/>\n\u2022 Organiza\u00e7\u00e3o e aten\u00e7\u00e3o aos detalhes <\/p>\n<p>LOCAL DE TRABALHO: REDE DE SUPERMERCADOS<br \/>\nBAIRRO: BARRA DA TIJUCA ou RECREIO <\/p>\n<p>ESCALA: 12&#215;36 &#8211; 9h as 21h00.<br \/>\nPossuir disponibilidade total de hor\u00e1rios.<\/p>\n<ul>\n<li>N\u00famero de vagas: 4<\/li>\n<li>Local de trabalho: Rio de Janeiro, RJ<\/li>\n<li>Regime de contrata\u00e7\u00e3o de tipo: Efetivo \u2013 CLT<\/li>\n<li>Jornada: Per\u00edodo Integral<\/li>\n<li>\u00c1rea e especializa\u00e7\u00e3o profissional: Comercial, Vendas &#8211; Atendimento<\/li>\n<li>N\u00edvel hier\u00e1rquico: Encarregado<\/li>\n<\/ul>\n<p>VALORIZADO<\/p>\n<p>Tempo de experi\u00eancia: Entre 3 e 5 anos<\/p>\n<p>Escolaridade M\u00ednima: Ensino M\u00e9dio (2\u00ba Grau)<\/p>\n<ul>\n<li>Aux. KM<\/li>\n<li>Ajuda de Custo<\/li>\n<li>Plano de Sa\u00fade<\/li>\n<li>Plano Odontol\u00f3gico<\/li>\n<\/ul>\n<p>Sal\u00e1rio: 2567,94<\/p>\n","protected":false},"excerpt":{"rendered":"<p>\u2022 Realizar inspe\u00e7\u00f5es peri\u00f3dicas nos locais de presta\u00e7\u00e3o de servi\u00e7os; \u2022 Avaliar o desempenho da equipe de empacotadores que s\u00e3o prestadores de servi\u00e7os; \u2022 Identificar e reportar poss\u00edveis problemas ou n\u00e3o conformidades; \u2022 Garantir o cumprimento dos procedimentos e normas da empresa; \u2022 Controle sobre atestados m\u00e9dicos e\/ou faltas; \u2022 Respons\u00e1vel pela comunica\u00e7\u00e3o imediata de [&hellip;]<\/p>\n","protected":false},"author":1,"featured_media":0,"comment_status":"open","ping_status":"open","sticky":false,"template":"","format":"standard","meta":{"footnotes":""},"categories":[21],"tags":[],"class_list":["post-6375","post","type-post","status-publish","format-standard","hentry","category-rio-de-janeiro-rj"],"_links":{"self":[{"href":"https:\/\/vagas.portalemprego.com.br\/index.php?rest_route=\/wp\/v2\/posts\/6375","targetHints":{"allow":["GET"]}}],"collection":[{"href":"https:\/\/vagas.portalemprego.com.br\/index.php?rest_route=\/wp\/v2\/posts"}],"about":[{"href":"https:\/\/vagas.portalemprego.com.br\/index.php?rest_route=\/wp\/v2\/types\/post"}],"author":[{"embeddable":true,"href":"https:\/\/vagas.portalemprego.com.br\/index.php?rest_route=\/wp\/v2\/users\/1"}],"replies":[{"embeddable":true,"href":"https:\/\/vagas.portalemprego.com.br\/index.php?rest_route=%2Fwp%2Fv2%2Fcomments&post=6375"}],"version-history":[{"count":0,"href":"https:\/\/vagas.portalemprego.com.br\/index.php?rest_route=\/wp\/v2\/posts\/6375\/revisions"}],"wp:attachment":[{"href":"https:\/\/vagas.portalemprego.com.br\/index.php?rest_route=%2Fwp%2Fv2%2Fmedia&parent=6375"}],"wp:term":[{"taxonomy":"category","embeddable":true,"href":"https:\/\/vagas.portalemprego.com.br\/index.php?rest_route=%2Fwp%2Fv2%2Fcategories&post=6375"},{"taxonomy":"post_tag","embeddable":true,"href":"https:\/\/vagas.portalemprego.com.br\/index.php?rest_route=%2Fwp%2Fv2%2Ftags&post=6375"}],"curies":[{"name":"wp","href":"https:\/\/api.w.org\/{rel}","templated":true}]}}