{"id":6382,"date":"2026-04-29T06:09:09","date_gmt":"2026-04-29T09:09:09","guid":{"rendered":"https:\/\/vagas.portalemprego.com.br\/?p=6382"},"modified":"2026-04-29T06:09:09","modified_gmt":"2026-04-29T09:09:09","slug":"lider-de-logistica-sao-goncalo-rj-logistica-sao-goncalo","status":"publish","type":"post","link":"https:\/\/vagas.portalemprego.com.br\/?p=6382","title":{"rendered":"L\u00edder de Log\u00edstica &#8211;  S\u00e3o Gon\u00e7alo RJ &#8211; Log\u00edstica &#8211; S\u00e3o Gon\u00e7alo"},"content":{"rendered":"<p>L\u00edder de Log\u00edstica<\/p>\n<p>Estamos em busca de um profissional din\u00e2mico e experiente para assumir o papel de L\u00edder de Log\u00edstica em multinacional &#8211; L\u00edder no segmento de E-commerce.<\/p>\n<p>Principais atividades:<br \/>\n-Respons\u00e1vel por gerenciar e otimizar os processos log\u00edsticos, garantindo a efici\u00eancia e a efic\u00e1cia das opera\u00e7\u00f5es de transporte e distribui\u00e7\u00e3o.<br \/>\n-Respons\u00e1vel por liderar uma equipe dedicada, estabelecer metas e monitorar o desempenho log\u00edstico da empresa.<br \/>\n-Supervis\u00e3o de opera\u00e7\u00f5es e processos log\u00edsticos.<br \/>\n-Identificar \u00e1reas de melhoria e implementar solu\u00e7\u00f5es para aumentar a efici\u00eancia operacional. <\/p>\n<p>Necess\u00e1rio<br \/>\n-Experi\u00eancia em gest\u00e3o de equipes.<br \/>\n-Ensino Superior conclu\u00eddo.<br \/>\n-Capacidade de organiza\u00e7\u00e3o, planejamento, lideran\u00e7a e an\u00e1lise de dados.<\/p>\n<p>Disponibilidade para atuar em escala  6&#215;1   Segunda \u00e0 S\u00e1bado 08:00-16:20<\/p>\n<p>Vale transporte ou aux\u00edlio combust\u00edvel, VR. <\/p>\n<p>Contrato de 180 dias com chances de efetiva\u00e7\u00e3o.<\/p>\n<ul>\n<li>Local de trabalho: S\u00e3o Gon\u00e7alo, RJ<\/li>\n<li>Regime de contrata\u00e7\u00e3o de tipo: Tempor\u00e1rio<\/li>\n<li>Jornada: Per\u00edodo Integral<\/li>\n<li>\u00c1rea e especializa\u00e7\u00e3o profissional: Log\u00edstica &#8211; Log\u00edstica<\/li>\n<li>N\u00edvel hier\u00e1rquico: Encarregado<\/li>\n<\/ul>\n<p>Escolaridade M\u00ednima: Ensino Superior<\/p>\n<ul>\n<li>Vale Transporte<\/li>\n<li>Aux\u00edlio combust\u00edvel<\/li>\n<li>Vale Refei\u00e7\u00e3o<\/li>\n<\/ul>\n<p>Sal\u00e1rio: 5300,0<\/p>\n","protected":false},"excerpt":{"rendered":"<p>L\u00edder de Log\u00edstica Estamos em busca de um profissional din\u00e2mico e experiente para assumir o papel de L\u00edder de Log\u00edstica em multinacional &#8211; L\u00edder no segmento de E-commerce. Principais atividades: -Respons\u00e1vel por gerenciar e otimizar os processos log\u00edsticos, garantindo a efici\u00eancia e a efic\u00e1cia das opera\u00e7\u00f5es de transporte e distribui\u00e7\u00e3o. -Respons\u00e1vel por liderar uma equipe [&hellip;]<\/p>\n","protected":false},"author":1,"featured_media":0,"comment_status":"open","ping_status":"open","sticky":false,"template":"","format":"standard","meta":{"footnotes":""},"categories":[21],"tags":[],"class_list":["post-6382","post","type-post","status-publish","format-standard","hentry","category-rio-de-janeiro-rj"],"_links":{"self":[{"href":"https:\/\/vagas.portalemprego.com.br\/index.php?rest_route=\/wp\/v2\/posts\/6382","targetHints":{"allow":["GET"]}}],"collection":[{"href":"https:\/\/vagas.portalemprego.com.br\/index.php?rest_route=\/wp\/v2\/posts"}],"about":[{"href":"https:\/\/vagas.portalemprego.com.br\/index.php?rest_route=\/wp\/v2\/types\/post"}],"author":[{"embeddable":true,"href":"https:\/\/vagas.portalemprego.com.br\/index.php?rest_route=\/wp\/v2\/users\/1"}],"replies":[{"embeddable":true,"href":"https:\/\/vagas.portalemprego.com.br\/index.php?rest_route=%2Fwp%2Fv2%2Fcomments&post=6382"}],"version-history":[{"count":0,"href":"https:\/\/vagas.portalemprego.com.br\/index.php?rest_route=\/wp\/v2\/posts\/6382\/revisions"}],"wp:attachment":[{"href":"https:\/\/vagas.portalemprego.com.br\/index.php?rest_route=%2Fwp%2Fv2%2Fmedia&parent=6382"}],"wp:term":[{"taxonomy":"category","embeddable":true,"href":"https:\/\/vagas.portalemprego.com.br\/index.php?rest_route=%2Fwp%2Fv2%2Fcategories&post=6382"},{"taxonomy":"post_tag","embeddable":true,"href":"https:\/\/vagas.portalemprego.com.br\/index.php?rest_route=%2Fwp%2Fv2%2Ftags&post=6382"}],"curies":[{"name":"wp","href":"https:\/\/api.w.org\/{rel}","templated":true}]}}