{"id":6386,"date":"2026-04-29T06:09:09","date_gmt":"2026-04-29T09:09:09","guid":{"rendered":"https:\/\/vagas.portalemprego.com.br\/?p=6386"},"modified":"2026-04-29T06:09:09","modified_gmt":"2026-04-29T09:09:09","slug":"confeiteiroa-zona-sul-rj-alimentacao-gastronomia-rio-de-janeiro","status":"publish","type":"post","link":"https:\/\/vagas.portalemprego.com.br\/?p=6386","title":{"rendered":"Confeiteiro(a) &#8211; Zona Sul &#8211; RJ &#8211; Alimenta\u00e7\u00e3o \/ Gastronomia &#8211; Rio de Janeiro"},"content":{"rendered":"<p>VEM SER NATURAL DA TERRA!<\/p>\n<p>Somos o vizinho especialista em produtos frescos e naturais, com qualidade impec\u00e1vel e uma experi\u00eancia que faz o cliente se sentir em casa.<br \/>\nNossa alma \u00e9 de feirante: gostamos de conversar, sorrir e oferecer aquele conforto emocional das feiras livres da inf\u00e2ncia, com um atendimento pr\u00f3ximo, humano e cheio de alegria.<\/p>\n<p>Todos os dias acordamos com um \u00fanico objetivo: promover uma vida mais natural \u2013 em todos os sentidos.<br \/>\nSe voc\u00ea tamb\u00e9m acredita nesse prop\u00f3sito, vem com a gente!<\/p>\n<p>CONFEITEIRO<br \/>\nEscala: 6&#215;1<br \/>\nTipo de contrato: CLT<\/p>\n<p>ATIVIDADES DO CARGO:<br \/>\n\u2022 Preparar bolos, biscoitos e doces, al\u00e9m de outros tipos de produtos definidos pela empresa, garantindo a qualidade, o atendimento da demanda da loja e a satisfa\u00e7\u00e3o dos clientes.<br \/>\n\u2022 Manter a padroniza\u00e7\u00e3o da produ\u00e7\u00e3o, conforme instru\u00e7\u00e3o t\u00e9cnica e sortimento da loja, observando a qualidade dos ingredientes utilizados no preparo, principalmente frutas frescas.<br \/>\n\u2022 Garantir o m\u00e1ximo aproveitamento dos insumos utilizados na produ\u00e7\u00e3o, mantendo o controle com rela\u00e7\u00e3o ao prazo de validade, a fim de evitar perdas e desperd\u00edcios.<br \/>\n\u2022 Garantir a adequada conserva\u00e7\u00e3o dos produtos, armazenando nos ambientes adequados e respeitando as temperaturas exigidas.<br \/>\n\u2022 Assegurar a constante reposi\u00e7\u00e3o dos produtos, de acordo com o fluxo de venda di\u00e1rio, garantindo a oferta do sortimento com qualidade durante todo o dia.<br \/>\n\u2022 Zelar pela seguran\u00e7a e bom uso dos equipamentos, manter o ambiente de trabalho e instrumentos limpos e organizados, cuidar da higiene pessoal e uniforme, conforme normas vigentes.<br \/>\n\u2022 Seguir as normas estabelecidas pela Vigil\u00e2ncia Sanit\u00e1ria e Manual de Boas Pr\u00e1ticas.<br \/>\n\u2022 Executar outras atividades correlatas, conforme necessidade do neg\u00f3cio e a crit\u00e9rio do Gestor.<\/p>\n<p>REQUISITOS:<br \/>\n\u2022 Ensino fundamental completo<br \/>\n\u2022 Experi\u00eancia pr\u00e9via em confeitaria ser\u00e1 um diferencial<\/p>\n<p>INCLUS\u00c3O E DIVERSIDADE<br \/>\nTodas as nossas vagas s\u00e3o abertas para pessoas com defici\u00eancia.<br \/>\nValorizamos a diversidade e estamos de bra\u00e7os abertos para todos os talentos, independentemente de ra\u00e7a, cor, religi\u00e3o, identidade de g\u00eanero ou orienta\u00e7\u00e3o sexual.<\/p>\n<ul>\n<li>N\u00famero de vagas: 10<\/li>\n<li>Local de trabalho: Rio de Janeiro, RJ<\/li>\n<li>Regime de contrata\u00e7\u00e3o de tipo: Efetivo \u2013 CLT<\/li>\n<li>Jornada: Per\u00edodo Integral<\/li>\n<li>\u00c1rea e especializa\u00e7\u00e3o profissional: Alimenta\u00e7\u00e3o \/ Gastronomia &#8211; Confeitaria<\/li>\n<li>N\u00edvel hier\u00e1rquico: Especialista<\/li>\n<\/ul>\n<p>VALORIZADO<\/p>\n<p>Tempo de experi\u00eancia: Entre 1 e 3 anos<\/p>\n<p>Escolaridade M\u00ednima: Ensino Fundamental (1\u00ba grau)<\/p>\n<ul>\n<li>Plano dental<\/li>\n<li>Vale transporte<\/li>\n<li>Conv\u00eanio farm\u00e1cia<\/li>\n<li>Seguro de Vida<\/li>\n<li>Alimenta\u00e7\u00e3o no local<\/li>\n<li>Plano de sa\u00fade<\/li>\n<li>Cesta b\u00e1sica<\/li>\n<\/ul>\n","protected":false},"excerpt":{"rendered":"<p>VEM SER NATURAL DA TERRA! Somos o vizinho especialista em produtos frescos e naturais, com qualidade impec\u00e1vel e uma experi\u00eancia que faz o cliente se sentir em casa. Nossa alma \u00e9 de feirante: gostamos de conversar, sorrir e oferecer aquele conforto emocional das feiras livres da inf\u00e2ncia, com um atendimento pr\u00f3ximo, humano e cheio de [&hellip;]<\/p>\n","protected":false},"author":1,"featured_media":0,"comment_status":"open","ping_status":"open","sticky":false,"template":"","format":"standard","meta":{"footnotes":""},"categories":[21],"tags":[],"class_list":["post-6386","post","type-post","status-publish","format-standard","hentry","category-rio-de-janeiro-rj"],"_links":{"self":[{"href":"https:\/\/vagas.portalemprego.com.br\/index.php?rest_route=\/wp\/v2\/posts\/6386","targetHints":{"allow":["GET"]}}],"collection":[{"href":"https:\/\/vagas.portalemprego.com.br\/index.php?rest_route=\/wp\/v2\/posts"}],"about":[{"href":"https:\/\/vagas.portalemprego.com.br\/index.php?rest_route=\/wp\/v2\/types\/post"}],"author":[{"embeddable":true,"href":"https:\/\/vagas.portalemprego.com.br\/index.php?rest_route=\/wp\/v2\/users\/1"}],"replies":[{"embeddable":true,"href":"https:\/\/vagas.portalemprego.com.br\/index.php?rest_route=%2Fwp%2Fv2%2Fcomments&post=6386"}],"version-history":[{"count":0,"href":"https:\/\/vagas.portalemprego.com.br\/index.php?rest_route=\/wp\/v2\/posts\/6386\/revisions"}],"wp:attachment":[{"href":"https:\/\/vagas.portalemprego.com.br\/index.php?rest_route=%2Fwp%2Fv2%2Fmedia&parent=6386"}],"wp:term":[{"taxonomy":"category","embeddable":true,"href":"https:\/\/vagas.portalemprego.com.br\/index.php?rest_route=%2Fwp%2Fv2%2Fcategories&post=6386"},{"taxonomy":"post_tag","embeddable":true,"href":"https:\/\/vagas.portalemprego.com.br\/index.php?rest_route=%2Fwp%2Fv2%2Ftags&post=6386"}],"curies":[{"name":"wp","href":"https:\/\/api.w.org\/{rel}","templated":true}]}}