{"id":6391,"date":"2026-04-29T06:10:10","date_gmt":"2026-04-29T09:10:10","guid":{"rendered":"https:\/\/vagas.portalemprego.com.br\/?p=6391"},"modified":"2026-04-29T06:10:10","modified_gmt":"2026-04-29T09:10:10","slug":"tecnico-em-seguranca-do-trabalho-seguranca-rio-de-janeiro-3","status":"publish","type":"post","link":"https:\/\/vagas.portalemprego.com.br\/?p=6391","title":{"rendered":"T\u00e9cnico em Seguran\u00e7a do Trabalho &#8211; Seguran\u00e7a &#8211; Rio de Janeiro"},"content":{"rendered":"<p>Luandre em parceiria com grande empresa de administra\u00e7\u00e3o contrata!!<\/p>\n<p>T\u00c9CNICO EM SEGURAN\u00c7A DO TRABALHO<\/p>\n<p>Responsabilidades:<br \/>\n&#8211; Participar da elabora\u00e7\u00e3o e implementar pol\u00edtica de sa\u00fade e seguran\u00e7a do trabalho;<br \/>\n&#8211; Realizar diagn\u00f3stico da situa\u00e7\u00e3o de SST da empresa;<br \/>\n&#8211; Realizar DDS semanais;<br \/>\n&#8211; Identificar vari\u00e1veis de controle de doen\u00e7as, acidentes, qualidade de vida e meio ambiente;<br \/>\n&#8211; Desenvolver a\u00e7\u00f5es educativas na \u00e1rea de sa\u00fade e seguran\u00e7a do trabalho;<br \/>\n&#8211; Integrar processos de negocia\u00e7\u00e3o com fornecedores da respectiva \u00e1rea;<br \/>\n&#8211; Fazer uso de tecnologias e processos de trabalho;<br \/>\n&#8211; Investigar, analisar acidentes de trabalho e recomendar medidas de preven\u00e7\u00e3o e controle;<br \/>\n&#8211; Fiscalizar os locais de trabalho e propor melhorias;<br \/>\n&#8211; Realizar visitas em campo para orienta\u00e7\u00e3o sobre seguran\u00e7a e uso correto dos EPI;<br \/>\n&#8211; Garantir o uso do EPI devido e cumprimento das normas de seguran\u00e7a, controlando os prazos de validade<br \/>\nde cada item;<br \/>\n&#8211; Realizar interface com a CIPAA.<\/p>\n<p>Requisitos e Experi\u00eancias mandat\u00f3rios:<br \/>\n\u2022\tExperi\u00eancia na \u00e1rea;<br \/>\n\u2022\tCurso t\u00e9cnico completo em seguran\u00e7a do trabalho;<br \/>\n\u2022\tPacote Office do intermedi\u00e1rio ao avan\u00e7ado;<br \/>\n\u2022\tCNH B;<\/p>\n<p>Remunera\u00e7\u00e3o:<br \/>\nContrato CLT, R$ 4.000,00 por m\u00eas. <\/p>\n<p>Benef\u00edcios:<br \/>\n\u2022\tTicket Refei\u00e7\u00e3o ou Alimenta\u00e7\u00e3o: R$ 29,00<br \/>\n\u2022\tPlano de Sa\u00fade e Odontol\u00f3gico<br \/>\n\u2022\tVale Transporte<br \/>\n\u2022\tTransporte de Van fretada: disponibilizamos uma van da Orla Rio para buscar os funcion\u00e1rios na esta\u00e7\u00e3o do Jardim Oce\u00e2nico at\u00e9 a sede no Jo\u00e1 e da sede para a esta\u00e7\u00e3o (gratuitamente);<br \/>\n\u2022\tCart\u00e3o Farm\u00e1cia;<br \/>\n\u2022\tGympass;<br \/>\n\u2022\tDay-off no dia do seu anivers\u00e1rio;<br \/>\n\u2022\t14\u00ba sal\u00e1rio mediante ao atingimento de metas.<\/p>\n<p>Hor\u00e1rio e Local de Trabalho:<br \/>\nDe 8h \u00e0s 17:48 de segunda \u00e0 sexta-feira | Jo\u00e1 &#8211; Barra da Tijuca (100% presencial). Realizando visitas semanais nos quiosques da zona sul e zona oeste.<\/p>\n<ul>\n<li>Local de trabalho: Rio de Janeiro, RJ<\/li>\n<li>Regime de contrata\u00e7\u00e3o de tipo: Efetivo \u2013 CLT<\/li>\n<li>Jornada: Per\u00edodo Integral<\/li>\n<li>\u00c1rea e especializa\u00e7\u00e3o profissional: Seguran\u00e7a &#8211; Fiscaliza\u00e7\u00e3o<\/li>\n<li>N\u00edvel hier\u00e1rquico: Operacional<\/li>\n<\/ul>\n<p>VALORIZADO<\/p>\n<p>Tempo de experi\u00eancia: Entre 1 e 3 anos<\/p>\n<p>Escolaridade M\u00ednima: Curso T\u00e9cnico<\/p>\n<p>Habilita\u00e7\u00e3o para dirigir: B<\/p>\n<p>Sal\u00e1rio: 4000,0<\/p>\n","protected":false},"excerpt":{"rendered":"<p>Luandre em parceiria com grande empresa de administra\u00e7\u00e3o contrata!! T\u00c9CNICO EM SEGURAN\u00c7A DO TRABALHO Responsabilidades: &#8211; Participar da elabora\u00e7\u00e3o e implementar pol\u00edtica de sa\u00fade e seguran\u00e7a do trabalho; &#8211; Realizar diagn\u00f3stico da situa\u00e7\u00e3o de SST da empresa; &#8211; Realizar DDS semanais; &#8211; Identificar vari\u00e1veis de controle de doen\u00e7as, acidentes, qualidade de vida e meio ambiente; [&hellip;]<\/p>\n","protected":false},"author":1,"featured_media":0,"comment_status":"open","ping_status":"open","sticky":false,"template":"","format":"standard","meta":{"footnotes":""},"categories":[21],"tags":[],"class_list":["post-6391","post","type-post","status-publish","format-standard","hentry","category-rio-de-janeiro-rj"],"_links":{"self":[{"href":"https:\/\/vagas.portalemprego.com.br\/index.php?rest_route=\/wp\/v2\/posts\/6391","targetHints":{"allow":["GET"]}}],"collection":[{"href":"https:\/\/vagas.portalemprego.com.br\/index.php?rest_route=\/wp\/v2\/posts"}],"about":[{"href":"https:\/\/vagas.portalemprego.com.br\/index.php?rest_route=\/wp\/v2\/types\/post"}],"author":[{"embeddable":true,"href":"https:\/\/vagas.portalemprego.com.br\/index.php?rest_route=\/wp\/v2\/users\/1"}],"replies":[{"embeddable":true,"href":"https:\/\/vagas.portalemprego.com.br\/index.php?rest_route=%2Fwp%2Fv2%2Fcomments&post=6391"}],"version-history":[{"count":0,"href":"https:\/\/vagas.portalemprego.com.br\/index.php?rest_route=\/wp\/v2\/posts\/6391\/revisions"}],"wp:attachment":[{"href":"https:\/\/vagas.portalemprego.com.br\/index.php?rest_route=%2Fwp%2Fv2%2Fmedia&parent=6391"}],"wp:term":[{"taxonomy":"category","embeddable":true,"href":"https:\/\/vagas.portalemprego.com.br\/index.php?rest_route=%2Fwp%2Fv2%2Fcategories&post=6391"},{"taxonomy":"post_tag","embeddable":true,"href":"https:\/\/vagas.portalemprego.com.br\/index.php?rest_route=%2Fwp%2Fv2%2Ftags&post=6391"}],"curies":[{"name":"wp","href":"https:\/\/api.w.org\/{rel}","templated":true}]}}