{"id":6392,"date":"2026-04-29T06:10:10","date_gmt":"2026-04-29T09:10:10","guid":{"rendered":"https:\/\/vagas.portalemprego.com.br\/?p=6392"},"modified":"2026-04-29T06:10:10","modified_gmt":"2026-04-29T09:10:10","slug":"estoquista-arezzoco-comercial-vendas-rio-de-janeiro","status":"publish","type":"post","link":"https:\/\/vagas.portalemprego.com.br\/?p=6392","title":{"rendered":"Estoquista | Arezzo&amp;Co &#8211; Comercial, Vendas &#8211; Rio de Janeiro"},"content":{"rendered":"<p>Nosso time \u00e9 formado por pessoas com brilho no olho e vontade de fazer a diferen\u00e7a.<\/p>\n<p>Temos objetivo de encantar clientes do Brasil e do mundo, com prop\u00f3sito de Interpretar Tend\u00eancias e Despertar Desejos.<\/p>\n<p>Se voc\u00ea tamb\u00e9m faz com paix\u00e3o, tem flexibilidade, transpar\u00eancia, envolvimento, gosta de trabalhar com uni\u00e3o e desafio, a Arezzo&amp;Co pode ser o lugar certo para voc\u00ea!<\/p>\n<p>Queremos cada vez mais construir um ambiente diverso e inclusivo, por isso, nossa pol\u00edtica de contrata\u00e7\u00e3o n\u00e3o discrimina g\u00eanero, ra\u00e7a\/cor, religi\u00e3o, orienta\u00e7\u00e3o sexual, idade, condi\u00e7\u00e3o de HIV e defici\u00eancia intelectual ou f\u00edsica.<\/p>\n<p>Venha evoluir com a gente, em cada passo da nossa jornada. RUMO A 2154!<\/p>\n<p>Responsabilidades e atribui\u00e7\u00f5es:<\/p>\n<p>Organizar o dep\u00f3sito, processar e repor mercadorias na \u00e1rea de vendas da loja, contribuindo para a garantia da imagem da empresa e o atendimento ao cliente.<br \/>\nAuxiliar no carregamento e descarregamento de mercadorias para a loja;<br \/>\nConferir os volumes de mercadorias recebidas e nota fiscal de recebimento e efetuar a entrada no sistema de loja;<br \/>\nOrganizar os produtos no dep\u00f3sito da loja, visando facilitar a localiza\u00e7\u00e3o dos mesmos;<br \/>\nComunicar \u00e0 ger\u00eancia qualquer avaria identificada nas mercadorias;<br \/>\nIncluir a reclama\u00e7\u00e3o de defeito no sistema informatizado espec\u00edfico;<br \/>\nEmitir notas fiscais de devolu\u00e7\u00e3o de mercadoria aos fornecedores;<br \/>\nRealizar os procedimentos de transfer\u00eancia de mercadorias, envolvendo notas fiscais e lan\u00e7amentos no sistema;<br \/>\nRealizar e reposi\u00e7\u00e3o de produtos, conforme procedimentos estabelecidos.<br \/>\nParticipar do invent\u00e1rio de mercadorias, com a frequ\u00eancia determinada pela ger\u00eancia.<br \/>\nZelar pela integridade dos produtos e demais mercadorias.<br \/>\nPrestar apoio em outras atividades da loja, quando necess\u00e1rio.<\/p>\n<p>Requisitos e qualifica\u00e7\u00f5es<br \/>\nEnsino m\u00e9dio completo;<br \/>\nPacote Office b\u00e1sico;<br \/>\nFacilidade em Inform\u00e1tica.<br \/>\nInforma\u00e7\u00f5es adicionais<\/p>\n<p>Benef\u00edcios:<\/p>\n<p>?? Vale Alimenta\u00e7\u00e3o\/Refei\u00e7\u00e3o &#8211; Para que possa ter mais autonomia, voc\u00ea pode optar entre o Vale Alimenta\u00e7\u00e3o para utilizar em mercados e fazer sua pr\u00f3pria comida, ou pelo Vale Refei\u00e7\u00e3o, para utilizar em restaurantes e pedir seu lanche;<\/p>\n<p>?? Vale Transporte &#8211; Oferecemos conforme sua necessidade de itiner\u00e1rio em transporte p\u00fablico;<\/p>\n<p>?? Plano de Sa\u00fade e Plano Odontol\u00f3gico &#8211; Para cuidar sua sa\u00fade e dos seus dependentes, oferecemos Plano de Sa\u00fade da Bradesco Seguros, bem como Plano Odontol\u00f3gico Bradesco (Apto ap\u00f3s 6 meses de contrata\u00e7\u00e3o);<\/p>\n<p>?? Gympass &#8211; Quer manter a sa\u00fade f\u00edsica ativa? Oferecemos o Gympass, tamb\u00e9m extensivo aos seus dependentes;<\/p>\n<p>?? Psicologia Viva \u2013 Em rela\u00e7\u00e3o a sua sa\u00fade psicol\u00f3gica, oferecemos o Psicologia Viva, uma plataforma de atendimento psicol\u00f3gico online;<\/p>\n<p>?? Desconto nas marcas \u2013 Desconto exclusivo para colaboradores em todas as marcas da Maior House Of Brands do Brasil!<\/p>\n<ul>\n<li>Local de trabalho: Rio de Janeiro, RJ<\/li>\n<li>Regime de contrata\u00e7\u00e3o de tipo: Efetivo \u2013 CLT<\/li>\n<li>Jornada: Per\u00edodo Integral<\/li>\n<li>\u00c1rea e especializa\u00e7\u00e3o profissional: Comercial, Vendas &#8211; Lojas \/ Shopping<\/li>\n<li>N\u00edvel hier\u00e1rquico: Operacional<\/li>\n<\/ul>\n<p>VALORIZADO<\/p>\n<p>Tempo de experi\u00eancia: Entre 1 e 3 anos<\/p>\n<p>Escolaridade M\u00ednima: Ensino M\u00e9dio (2\u00ba Grau)<\/p>\n","protected":false},"excerpt":{"rendered":"<p>Nosso time \u00e9 formado por pessoas com brilho no olho e vontade de fazer a diferen\u00e7a. Temos objetivo de encantar clientes do Brasil e do mundo, com prop\u00f3sito de Interpretar Tend\u00eancias e Despertar Desejos. Se voc\u00ea tamb\u00e9m faz com paix\u00e3o, tem flexibilidade, transpar\u00eancia, envolvimento, gosta de trabalhar com uni\u00e3o e desafio, a Arezzo&amp;Co pode ser [&hellip;]<\/p>\n","protected":false},"author":1,"featured_media":0,"comment_status":"open","ping_status":"open","sticky":false,"template":"","format":"standard","meta":{"footnotes":""},"categories":[21],"tags":[],"class_list":["post-6392","post","type-post","status-publish","format-standard","hentry","category-rio-de-janeiro-rj"],"_links":{"self":[{"href":"https:\/\/vagas.portalemprego.com.br\/index.php?rest_route=\/wp\/v2\/posts\/6392","targetHints":{"allow":["GET"]}}],"collection":[{"href":"https:\/\/vagas.portalemprego.com.br\/index.php?rest_route=\/wp\/v2\/posts"}],"about":[{"href":"https:\/\/vagas.portalemprego.com.br\/index.php?rest_route=\/wp\/v2\/types\/post"}],"author":[{"embeddable":true,"href":"https:\/\/vagas.portalemprego.com.br\/index.php?rest_route=\/wp\/v2\/users\/1"}],"replies":[{"embeddable":true,"href":"https:\/\/vagas.portalemprego.com.br\/index.php?rest_route=%2Fwp%2Fv2%2Fcomments&post=6392"}],"version-history":[{"count":0,"href":"https:\/\/vagas.portalemprego.com.br\/index.php?rest_route=\/wp\/v2\/posts\/6392\/revisions"}],"wp:attachment":[{"href":"https:\/\/vagas.portalemprego.com.br\/index.php?rest_route=%2Fwp%2Fv2%2Fmedia&parent=6392"}],"wp:term":[{"taxonomy":"category","embeddable":true,"href":"https:\/\/vagas.portalemprego.com.br\/index.php?rest_route=%2Fwp%2Fv2%2Fcategories&post=6392"},{"taxonomy":"post_tag","embeddable":true,"href":"https:\/\/vagas.portalemprego.com.br\/index.php?rest_route=%2Fwp%2Fv2%2Ftags&post=6392"}],"curies":[{"name":"wp","href":"https:\/\/api.w.org\/{rel}","templated":true}]}}