{"id":6394,"date":"2026-04-29T06:10:10","date_gmt":"2026-04-29T09:10:10","guid":{"rendered":"https:\/\/vagas.portalemprego.com.br\/?p=6394"},"modified":"2026-04-29T06:10:10","modified_gmt":"2026-04-29T09:10:10","slug":"analista-de-beneficios-recursos-humanos-duque-de-caxias","status":"publish","type":"post","link":"https:\/\/vagas.portalemprego.com.br\/?p=6394","title":{"rendered":"Analista de Benef\u00edcios &#8211; Recursos Humanos &#8211; Duque de Caxias"},"content":{"rendered":"<p>-Desenvolver, sob supervis\u00e3o eventual, atividades relacionadas \u00e0 \u00e1rea de Departamento Pessoal, envolvendo o subsistema de benef\u00edcios, acompanhando os processos, elaborando demonstrativos e relat\u00f3rios, para gerar informa\u00e7\u00f5es a Ger\u00eancia de Departamento Pessoal.<br \/>\n-Acompanhar a legisla\u00e7\u00e3o trabalhista relativa ao PAT (Programa de Alimenta\u00e7\u00e3o do Trabalhador), assegurando sua correta aplica\u00e7\u00e3o, visando assegurar o cumprimento da legisla\u00e7\u00e3o espec\u00edfica;<br \/>\n-Apoiar as atividades relacionadas a benef\u00edcios, controlando toda a movimenta\u00e7\u00e3o de inclus\u00e3o, exclus\u00e3o e altera\u00e7\u00e3o de benefici\u00e1rios, visando proporcionar condi\u00e7\u00f5es de maior motiva\u00e7\u00e3o e desempenho no trabalho;<br \/>\n-Monitorar o plano de assist\u00eancia m\u00e9dica, acompanhando a sinistralidade, mensalmente, atrav\u00e9s de relat\u00f3rios, efetuando o pagamento das faturas, analisando os percentuais de utiliza\u00e7\u00e3o, visando a redu\u00e7\u00e3o das despesas;<br \/>\n-Enviar Inclus\u00f5es e exclus\u00f5es do plano de Sa\u00fade e Dental para operadora por e-mail planilha com todas as informa\u00e7\u00f5es solicitadas para inclus\u00e3o e exclus\u00e3o (quando ocorre admiss\u00e3o e desligamento) visando o bem-estar dos funcion\u00e1rios e da empresa;-Realizar atividades gerais da \u00e1rea de RH, abrangendo benef\u00edcios, efetuando registros, c\u00e1lculos, controles, confer\u00eancias, an\u00e1lises com a finalidade de agilizar os processos de sua \u00e1rea de atua\u00e7\u00e3o, bem como organizar e controlar as informa\u00e7\u00f5es e tramita\u00e7\u00e3o de documentos da \u00e1rea em que atua, providenciando triagens, entregas internas e externas, follow-up;<br \/>\n-Realizar  a  aquisi\u00e7\u00e3o  dos  Vales  Refei\u00e7\u00e3o  e  Vales  Transporte,  atrav\u00e9s  de  contratos  com  empresas  fornecedoras, providenciando a distribui\u00e7\u00e3o dos benef\u00edcios aos funcion\u00e1rios;-Gerar  informa\u00e7\u00f5es  consolidadas  sobre  a  sua  \u00e1rea  de  atua\u00e7\u00e3o,  disponibilizando  mensalmente  os  relat\u00f3rios  de desempenho, para dar suporte \u00e0s tomadas de decis\u00e3o da ger\u00eancia de RH (Recursos Humanos);<br \/>\n-Executar atividades afins, de acordo com suas compet\u00eancias, mediante solicita\u00e7\u00e3o do superior hier\u00e1rquico<\/p>\n<ul>\n<li>Local de trabalho: Duque de Caxias, RJ<\/li>\n<li>Regime de contrata\u00e7\u00e3o de tipo: Efetivo \u2013 CLT<\/li>\n<li>Jornada: Per\u00edodo Integral<\/li>\n<li>\u00c1rea e especializa\u00e7\u00e3o profissional: Recursos Humanos &#8211; Cargos e Sal\u00e1rios, Benef\u00edcios, Rela\u00e7\u00f5es Sindicais<\/li>\n<li>N\u00edvel hier\u00e1rquico: Analista<\/li>\n<\/ul>\n<p>VALORIZADO<\/p>\n<p>Tempo de experi\u00eancia: Entre 3 e 5 anos<\/p>\n<p>Escolaridade M\u00ednima: Ensino Superior<\/p>\n<p>Sal\u00e1rio: 3169,53<\/p>\n","protected":false},"excerpt":{"rendered":"<p>-Desenvolver, sob supervis\u00e3o eventual, atividades relacionadas \u00e0 \u00e1rea de Departamento Pessoal, envolvendo o subsistema de benef\u00edcios, acompanhando os processos, elaborando demonstrativos e relat\u00f3rios, para gerar informa\u00e7\u00f5es a Ger\u00eancia de Departamento Pessoal. -Acompanhar a legisla\u00e7\u00e3o trabalhista relativa ao PAT (Programa de Alimenta\u00e7\u00e3o do Trabalhador), assegurando sua correta aplica\u00e7\u00e3o, visando assegurar o cumprimento da legisla\u00e7\u00e3o espec\u00edfica; -Apoiar [&hellip;]<\/p>\n","protected":false},"author":1,"featured_media":0,"comment_status":"open","ping_status":"open","sticky":false,"template":"","format":"standard","meta":{"footnotes":""},"categories":[21],"tags":[],"class_list":["post-6394","post","type-post","status-publish","format-standard","hentry","category-rio-de-janeiro-rj"],"_links":{"self":[{"href":"https:\/\/vagas.portalemprego.com.br\/index.php?rest_route=\/wp\/v2\/posts\/6394","targetHints":{"allow":["GET"]}}],"collection":[{"href":"https:\/\/vagas.portalemprego.com.br\/index.php?rest_route=\/wp\/v2\/posts"}],"about":[{"href":"https:\/\/vagas.portalemprego.com.br\/index.php?rest_route=\/wp\/v2\/types\/post"}],"author":[{"embeddable":true,"href":"https:\/\/vagas.portalemprego.com.br\/index.php?rest_route=\/wp\/v2\/users\/1"}],"replies":[{"embeddable":true,"href":"https:\/\/vagas.portalemprego.com.br\/index.php?rest_route=%2Fwp%2Fv2%2Fcomments&post=6394"}],"version-history":[{"count":0,"href":"https:\/\/vagas.portalemprego.com.br\/index.php?rest_route=\/wp\/v2\/posts\/6394\/revisions"}],"wp:attachment":[{"href":"https:\/\/vagas.portalemprego.com.br\/index.php?rest_route=%2Fwp%2Fv2%2Fmedia&parent=6394"}],"wp:term":[{"taxonomy":"category","embeddable":true,"href":"https:\/\/vagas.portalemprego.com.br\/index.php?rest_route=%2Fwp%2Fv2%2Fcategories&post=6394"},{"taxonomy":"post_tag","embeddable":true,"href":"https:\/\/vagas.portalemprego.com.br\/index.php?rest_route=%2Fwp%2Fv2%2Ftags&post=6394"}],"curies":[{"name":"wp","href":"https:\/\/api.w.org\/{rel}","templated":true}]}}