{"id":6396,"date":"2026-04-29T06:10:10","date_gmt":"2026-04-29T09:10:10","guid":{"rendered":"https:\/\/vagas.portalemprego.com.br\/?p=6396"},"modified":"2026-04-29T06:10:10","modified_gmt":"2026-04-29T09:10:10","slug":"advogado-junior-para-departamento-juridico-juridica-rio-de-janeiro","status":"publish","type":"post","link":"https:\/\/vagas.portalemprego.com.br\/?p=6396","title":{"rendered":"Advogado J\u00fanior para Departamento Jur\u00eddico &#8211; Jur\u00eddica &#8211; Rio de Janeiro"},"content":{"rendered":"<p>Estamos em busca de um Advogado J\u00fanior para integrar ao departamento jur\u00eddico de uma construtora de alto padr\u00e3o, atuando diretamente com a alta diretoria e contribuindo para o crescimento e sucesso da empresa. CLT, presencial. Sal\u00e1rio de R$3.200,00 + VR de R$600\/m\u00eas em m\u00e9dia + VT.<\/p>\n<p>* Responsabilidades:<br \/>\n&#8211; Contencioso Trabalhista: Atuar em a\u00e7\u00f5es trabalhistas, desde a elabora\u00e7\u00e3o de pe\u00e7as processuais at\u00e9 a participa\u00e7\u00e3o em audi\u00eancias, buscando solu\u00e7\u00f5es eficazes e alinhadas aos interesses da empresa.<br \/>\n&#8211; Consultoria Jur\u00eddica: Prestar consultoria preventiva e corretiva nas \u00e1reas trabalhista e c\u00edvel, orientando a alta dire\u00e7\u00e3o e os departamentos internos sobre quest\u00f5es jur\u00eddicas relevantes.<br \/>\n&#8211; An\u00e1lise e Elabora\u00e7\u00e3o de Contratos: Revisar, elaborar e negociar contratos relacionados \u00e0s atividades da construtora, assegurando conformidade legal e mitiga\u00e7\u00e3o de riscos.<br \/>\n&#8211; Gest\u00e3o de Demandas Jur\u00eddicas: Acompanhar processos judiciais e administrativos, controlando prazos e providenciando as dilig\u00eancias necess\u00e1rias para o andamento eficiente dos casos.<br \/>\n&#8211; Compliance e Conformidade Legal: Assegurar que as opera\u00e7\u00f5es da empresa estejam em conformidade com a legisla\u00e7\u00e3o vigente, implementando pol\u00edticas e pr\u00e1ticas que promovam a conformidade legal.<br \/>\n&#8211; Intera\u00e7\u00e3o com Escrit\u00f3rios Externos: Coordenar e supervisionar o trabalho de escrit\u00f3rios de advocacia terceirizados, garantindo alinhamento estrat\u00e9gico e efici\u00eancia nas a\u00e7\u00f5es externas.<\/p>\n<p>* Requisitos:<br \/>\n&#8211; Forma\u00e7\u00e3o superior em Direito com inscri\u00e7\u00e3o ativa na OAB.<br \/>\n&#8211; Experi\u00eancia m\u00ednima de 3 anos em contencioso trabalhista e consultoria jur\u00eddica, preferencialmente em construtoras ou empresas do setor imobili\u00e1rio.<br \/>\n&#8211; Conhecimento s\u00f3lido em legisla\u00e7\u00e3o trabalhista, c\u00edvel e contratos empresariais.<br \/>\n&#8211; Habilidade em elabora\u00e7\u00e3o e revis\u00e3o de pe\u00e7as processuais, pareceres e contratos.<br \/>\n&#8211; Capacidade de comunica\u00e7\u00e3o clara e objetiva, com habilidade para interagir com a alta dire\u00e7\u00e3o e diferentes departamentos da empresa.<br \/>\n&#8211; Proatividade, organiza\u00e7\u00e3o e capacidade de trabalhar sob press\u00e3o.<\/p>\n<p>* Perfil Desejado:<br \/>\n&#8211; Responsabilidade: Comprometido(a) com prazos e resultados, com uma abordagem rigorosa e \u00e9tica em todas as atividades.<br \/>\n&#8211; Agilidade: Capacidade de trabalhar sob press\u00e3o e solucionar problemas de forma r\u00e1pida e eficiente.<br \/>\n&#8211; Comprometimento: Dedica\u00e7\u00e3o ao trabalho e aos objetivos da empresa, sempre buscando o melhor resultado.<br \/>\n&#8211; Vis\u00e3o Estrat\u00e9gica: Capacidade de enxergar al\u00e9m do presente, prevendo necessidades e oportunidades futuras.<br \/>\n&#8211; Proatividade: Iniciativa para sugerir melhorias e implementar processos que agreguem valor ao departamento jur\u00eddico e \u00e0 empresa como um todo.<br \/>\n&#8211; Comunica\u00e7\u00e3o: Comunica\u00e7\u00e3o de forma clara e respeitosa com todos os n\u00edveis da organiza\u00e7\u00e3o.<\/p>\n<p>Se voc\u00ea est\u00e1 procurando um caminho de carreira desafiador e gratificante no campo jur\u00eddico, esta oportunidade pode ser perfeita para voc\u00ea.<br \/>\nJunte-se a empresa e fa\u00e7a parte de uma equipe dedicada a manter a integridade e a conformidade jur\u00eddica da empresa.<\/p>\n<ul>\n<li>Local de trabalho: Rio de Janeiro, RJ<\/li>\n<li>Regime de contrata\u00e7\u00e3o de tipo: Efetivo \u2013 CLT<\/li>\n<li>Jornada: Per\u00edodo Integral<\/li>\n<li>\u00c1rea e especializa\u00e7\u00e3o profissional: Jur\u00eddica &#8211; Advocacia Geral<\/li>\n<li>N\u00edvel hier\u00e1rquico: Analista<\/li>\n<\/ul>\n<p>VALORIZADO<\/p>\n<p>Tempo de experi\u00eancia: Entre 1 e 3 anos<\/p>\n<p>Escolaridade M\u00ednima: Ensino Superior<\/p>\n<p>Forma\u00e7\u00e3o desejada:<\/p>\n<ul>\n<li>Direito, Ensino Superior<\/li>\n<\/ul>\n<p>Sal\u00e1rio: 3800,0<\/p>\n","protected":false},"excerpt":{"rendered":"<p>Estamos em busca de um Advogado J\u00fanior para integrar ao departamento jur\u00eddico de uma construtora de alto padr\u00e3o, atuando diretamente com a alta diretoria e contribuindo para o crescimento e sucesso da empresa. CLT, presencial. Sal\u00e1rio de R$3.200,00 + VR de R$600\/m\u00eas em m\u00e9dia + VT. * Responsabilidades: &#8211; Contencioso Trabalhista: Atuar em a\u00e7\u00f5es trabalhistas, [&hellip;]<\/p>\n","protected":false},"author":1,"featured_media":0,"comment_status":"open","ping_status":"open","sticky":false,"template":"","format":"standard","meta":{"footnotes":""},"categories":[21],"tags":[],"class_list":["post-6396","post","type-post","status-publish","format-standard","hentry","category-rio-de-janeiro-rj"],"_links":{"self":[{"href":"https:\/\/vagas.portalemprego.com.br\/index.php?rest_route=\/wp\/v2\/posts\/6396","targetHints":{"allow":["GET"]}}],"collection":[{"href":"https:\/\/vagas.portalemprego.com.br\/index.php?rest_route=\/wp\/v2\/posts"}],"about":[{"href":"https:\/\/vagas.portalemprego.com.br\/index.php?rest_route=\/wp\/v2\/types\/post"}],"author":[{"embeddable":true,"href":"https:\/\/vagas.portalemprego.com.br\/index.php?rest_route=\/wp\/v2\/users\/1"}],"replies":[{"embeddable":true,"href":"https:\/\/vagas.portalemprego.com.br\/index.php?rest_route=%2Fwp%2Fv2%2Fcomments&post=6396"}],"version-history":[{"count":0,"href":"https:\/\/vagas.portalemprego.com.br\/index.php?rest_route=\/wp\/v2\/posts\/6396\/revisions"}],"wp:attachment":[{"href":"https:\/\/vagas.portalemprego.com.br\/index.php?rest_route=%2Fwp%2Fv2%2Fmedia&parent=6396"}],"wp:term":[{"taxonomy":"category","embeddable":true,"href":"https:\/\/vagas.portalemprego.com.br\/index.php?rest_route=%2Fwp%2Fv2%2Fcategories&post=6396"},{"taxonomy":"post_tag","embeddable":true,"href":"https:\/\/vagas.portalemprego.com.br\/index.php?rest_route=%2Fwp%2Fv2%2Ftags&post=6396"}],"curies":[{"name":"wp","href":"https:\/\/api.w.org\/{rel}","templated":true}]}}