{"id":6399,"date":"2026-04-29T06:10:10","date_gmt":"2026-04-29T09:10:10","guid":{"rendered":"https:\/\/vagas.portalemprego.com.br\/?p=6399"},"modified":"2026-04-29T06:10:10","modified_gmt":"2026-04-29T09:10:10","slug":"vigilante-seguranca-sao-joao-da-barra","status":"publish","type":"post","link":"https:\/\/vagas.portalemprego.com.br\/?p=6399","title":{"rendered":"Vigilante &#8211; Seguran\u00e7a &#8211; S\u00e3o Jo\u00e3o da Barra"},"content":{"rendered":"<p>Cargo: Vigilante<br \/>\nEscala e hor\u00e1rio: 12&#215;36 das 07h00 \u00e0s 19h00 ou 19h00 \u00e1s 07h00<br \/>\nSal\u00e1rio: 1.919,01 + 30% de periculosidade<br \/>\nLocal: Residir em S\u00e3o Jo\u00e3o da Barra &#8211; RJ<br \/>\nBenef\u00edcios: Assist\u00eancia odontol\u00f3gica, Cesta b\u00e1sica, VR 37,85 p \/ dia, Vale transporte e Seguro de vida<\/p>\n<ul>\n<li>N\u00famero de vagas: 4<\/li>\n<li>Local de trabalho: S\u00e3o Jo\u00e3o da Barra, RJ<\/li>\n<li>Regime de contrata\u00e7\u00e3o de tipo: Efetivo \u2013 CLT<\/li>\n<li>Jornada: Per\u00edodo Integral<\/li>\n<li>\u00c1rea e especializa\u00e7\u00e3o profissional: Seguran\u00e7a &#8211; Vigil\u00e2ncia<\/li>\n<li>N\u00edvel hier\u00e1rquico: Operacional<\/li>\n<\/ul>\n<p>Escolaridade M\u00ednima: Ensino M\u00e9dio (2\u00ba Grau)<\/p>\n","protected":false},"excerpt":{"rendered":"<p>Cargo: Vigilante Escala e hor\u00e1rio: 12&#215;36 das 07h00 \u00e0s 19h00 ou 19h00 \u00e1s 07h00 Sal\u00e1rio: 1.919,01 + 30% de periculosidade Local: Residir em S\u00e3o Jo\u00e3o da Barra &#8211; RJ Benef\u00edcios: Assist\u00eancia odontol\u00f3gica, Cesta b\u00e1sica, VR 37,85 p \/ dia, Vale transporte e Seguro de vida N\u00famero de vagas: 4 Local de trabalho: S\u00e3o Jo\u00e3o da [&hellip;]<\/p>\n","protected":false},"author":1,"featured_media":0,"comment_status":"open","ping_status":"open","sticky":false,"template":"","format":"standard","meta":{"footnotes":""},"categories":[21],"tags":[],"class_list":["post-6399","post","type-post","status-publish","format-standard","hentry","category-rio-de-janeiro-rj"],"_links":{"self":[{"href":"https:\/\/vagas.portalemprego.com.br\/index.php?rest_route=\/wp\/v2\/posts\/6399","targetHints":{"allow":["GET"]}}],"collection":[{"href":"https:\/\/vagas.portalemprego.com.br\/index.php?rest_route=\/wp\/v2\/posts"}],"about":[{"href":"https:\/\/vagas.portalemprego.com.br\/index.php?rest_route=\/wp\/v2\/types\/post"}],"author":[{"embeddable":true,"href":"https:\/\/vagas.portalemprego.com.br\/index.php?rest_route=\/wp\/v2\/users\/1"}],"replies":[{"embeddable":true,"href":"https:\/\/vagas.portalemprego.com.br\/index.php?rest_route=%2Fwp%2Fv2%2Fcomments&post=6399"}],"version-history":[{"count":0,"href":"https:\/\/vagas.portalemprego.com.br\/index.php?rest_route=\/wp\/v2\/posts\/6399\/revisions"}],"wp:attachment":[{"href":"https:\/\/vagas.portalemprego.com.br\/index.php?rest_route=%2Fwp%2Fv2%2Fmedia&parent=6399"}],"wp:term":[{"taxonomy":"category","embeddable":true,"href":"https:\/\/vagas.portalemprego.com.br\/index.php?rest_route=%2Fwp%2Fv2%2Fcategories&post=6399"},{"taxonomy":"post_tag","embeddable":true,"href":"https:\/\/vagas.portalemprego.com.br\/index.php?rest_route=%2Fwp%2Fv2%2Ftags&post=6399"}],"curies":[{"name":"wp","href":"https:\/\/api.w.org\/{rel}","templated":true}]}}