{"id":6404,"date":"2026-04-29T06:10:10","date_gmt":"2026-04-29T09:10:10","guid":{"rendered":"https:\/\/vagas.portalemprego.com.br\/?p=6404"},"modified":"2026-04-29T06:10:10","modified_gmt":"2026-04-29T09:10:10","slug":"aux-de-servicos-gerais-servicos-gerais-rio-de-janeiro","status":"publish","type":"post","link":"https:\/\/vagas.portalemprego.com.br\/?p=6404","title":{"rendered":"Aux. de Servi\u00e7os Gerais &#8211; Servi\u00e7os Gerais &#8211; Rio de Janeiro"},"content":{"rendered":"<p>Habilidades Espec\u00edficas:<br \/>\n\u2022\tHabilidade para limpeza geral<br \/>\n\u2022\tBom relacionamento interpessoal<\/p>\n<p>Conhecimentos Obrigat\u00f3rios:<br \/>\n\u2022\tNo\u00e7\u00f5es b\u00e1sicas de uso de material de limpeza<\/p>\n<p>Conhecimentos Desej\u00e1veis :<br \/>\n\u2022\tT\u00e9cnicas de limpeza<\/p>\n<p>Descri\u00e7\u00e3o do Cargo: (Atividades e Responsabilidades):<br \/>\n\u2022\tVarrer<br \/>\n\u2022\tLimpar<br \/>\n\u2022\tLavar<br \/>\n\u2022\tEncerar<br \/>\n\u2022\tRecolher o lixo<br \/>\n\u2022\tPequenos reparos de pintura e consertos<\/p>\n<ul>\n<li>N\u00famero de vagas: 2<\/li>\n<li>Local de trabalho: Rio de Janeiro, RJ<\/li>\n<li>Regime de contrata\u00e7\u00e3o de tipo: Efetivo \u2013 CLT<\/li>\n<li>Jornada: Per\u00edodo Integral<\/li>\n<li>\u00c1rea e especializa\u00e7\u00e3o profissional: Servi\u00e7os Gerais &#8211; Limpeza<\/li>\n<li>N\u00edvel hier\u00e1rquico: Auxiliar<\/li>\n<\/ul>\n<p>VALORIZADO<\/p>\n<p>Tempo de experi\u00eancia: Entre 1 e 3 anos<\/p>\n<p>Escolaridade M\u00ednima: Ensino Fundamental (1\u00ba grau)<\/p>\n<ul>\n<li>Vale-transporte<\/li>\n<li>Plano de Sa\u00fade<\/li>\n<li>Plano Odontologico<\/li>\n<li>Cesta b\u00e1sica<\/li>\n<li>Auxilio Educa\u00e7\u00e3o<\/li>\n<\/ul>\n<p>Sal\u00e1rio: 1653,6<\/p>\n","protected":false},"excerpt":{"rendered":"<p>Habilidades Espec\u00edficas: \u2022 Habilidade para limpeza geral \u2022 Bom relacionamento interpessoal Conhecimentos Obrigat\u00f3rios: \u2022 No\u00e7\u00f5es b\u00e1sicas de uso de material de limpeza Conhecimentos Desej\u00e1veis : \u2022 T\u00e9cnicas de limpeza Descri\u00e7\u00e3o do Cargo: (Atividades e Responsabilidades): \u2022 Varrer \u2022 Limpar \u2022 Lavar \u2022 Encerar \u2022 Recolher o lixo \u2022 Pequenos reparos de pintura e consertos N\u00famero [&hellip;]<\/p>\n","protected":false},"author":1,"featured_media":0,"comment_status":"open","ping_status":"open","sticky":false,"template":"","format":"standard","meta":{"footnotes":""},"categories":[21],"tags":[],"class_list":["post-6404","post","type-post","status-publish","format-standard","hentry","category-rio-de-janeiro-rj"],"_links":{"self":[{"href":"https:\/\/vagas.portalemprego.com.br\/index.php?rest_route=\/wp\/v2\/posts\/6404","targetHints":{"allow":["GET"]}}],"collection":[{"href":"https:\/\/vagas.portalemprego.com.br\/index.php?rest_route=\/wp\/v2\/posts"}],"about":[{"href":"https:\/\/vagas.portalemprego.com.br\/index.php?rest_route=\/wp\/v2\/types\/post"}],"author":[{"embeddable":true,"href":"https:\/\/vagas.portalemprego.com.br\/index.php?rest_route=\/wp\/v2\/users\/1"}],"replies":[{"embeddable":true,"href":"https:\/\/vagas.portalemprego.com.br\/index.php?rest_route=%2Fwp%2Fv2%2Fcomments&post=6404"}],"version-history":[{"count":0,"href":"https:\/\/vagas.portalemprego.com.br\/index.php?rest_route=\/wp\/v2\/posts\/6404\/revisions"}],"wp:attachment":[{"href":"https:\/\/vagas.portalemprego.com.br\/index.php?rest_route=%2Fwp%2Fv2%2Fmedia&parent=6404"}],"wp:term":[{"taxonomy":"category","embeddable":true,"href":"https:\/\/vagas.portalemprego.com.br\/index.php?rest_route=%2Fwp%2Fv2%2Fcategories&post=6404"},{"taxonomy":"post_tag","embeddable":true,"href":"https:\/\/vagas.portalemprego.com.br\/index.php?rest_route=%2Fwp%2Fv2%2Ftags&post=6404"}],"curies":[{"name":"wp","href":"https:\/\/api.w.org\/{rel}","templated":true}]}}