{"id":6409,"date":"2026-04-29T06:11:11","date_gmt":"2026-04-29T09:11:11","guid":{"rendered":"https:\/\/vagas.portalemprego.com.br\/?p=6409"},"modified":"2026-04-29T06:11:11","modified_gmt":"2026-04-29T09:11:11","slug":"vigilante-seguranca-sao-goncalo-2","status":"publish","type":"post","link":"https:\/\/vagas.portalemprego.com.br\/?p=6409","title":{"rendered":"Vigilante &#8211; Seguran\u00e7a &#8211; S\u00e3o Gon\u00e7alo"},"content":{"rendered":"<p>Cargo: Vigilante RT<br \/>\nEscala e hor\u00e1rio: 12&#215;36 das 07h00 \u00e0s 19h00<br \/>\nSal\u00e1rio: 1.919,01+ 30% de periculosidade<br \/>\nBenef\u00edcios: Assist\u00eancia odontol\u00f3gica, Cesta b\u00e1sica, VR 37,85 p\/dia, Seguro de vida e Vale Transporte<\/p>\n<p>OBS: Ter extens\u00e3o de VSPP, desej\u00e1vel motocicleta e residir entre Niter\u00f3i e S\u00e3o Gon\u00e7alo<\/p>\n<ul>\n<li>Local de trabalho: S\u00e3o Gon\u00e7alo, RJ<\/li>\n<li>Regime de contrata\u00e7\u00e3o de tipo: Efetivo \u2013 CLT<\/li>\n<li>Jornada: Per\u00edodo Integral<\/li>\n<li>\u00c1rea e especializa\u00e7\u00e3o profissional: Seguran\u00e7a &#8211; Vigil\u00e2ncia<\/li>\n<li>N\u00edvel hier\u00e1rquico: Operacional<\/li>\n<\/ul>\n<p>Escolaridade M\u00ednima: Ensino M\u00e9dio (2\u00ba Grau)<\/p>\n","protected":false},"excerpt":{"rendered":"<p>Cargo: Vigilante RT Escala e hor\u00e1rio: 12&#215;36 das 07h00 \u00e0s 19h00 Sal\u00e1rio: 1.919,01+ 30% de periculosidade Benef\u00edcios: Assist\u00eancia odontol\u00f3gica, Cesta b\u00e1sica, VR 37,85 p\/dia, Seguro de vida e Vale Transporte OBS: Ter extens\u00e3o de VSPP, desej\u00e1vel motocicleta e residir entre Niter\u00f3i e S\u00e3o Gon\u00e7alo Local de trabalho: S\u00e3o Gon\u00e7alo, RJ Regime de contrata\u00e7\u00e3o de tipo: [&hellip;]<\/p>\n","protected":false},"author":1,"featured_media":0,"comment_status":"open","ping_status":"open","sticky":false,"template":"","format":"standard","meta":{"footnotes":""},"categories":[21],"tags":[],"class_list":["post-6409","post","type-post","status-publish","format-standard","hentry","category-rio-de-janeiro-rj"],"_links":{"self":[{"href":"https:\/\/vagas.portalemprego.com.br\/index.php?rest_route=\/wp\/v2\/posts\/6409","targetHints":{"allow":["GET"]}}],"collection":[{"href":"https:\/\/vagas.portalemprego.com.br\/index.php?rest_route=\/wp\/v2\/posts"}],"about":[{"href":"https:\/\/vagas.portalemprego.com.br\/index.php?rest_route=\/wp\/v2\/types\/post"}],"author":[{"embeddable":true,"href":"https:\/\/vagas.portalemprego.com.br\/index.php?rest_route=\/wp\/v2\/users\/1"}],"replies":[{"embeddable":true,"href":"https:\/\/vagas.portalemprego.com.br\/index.php?rest_route=%2Fwp%2Fv2%2Fcomments&post=6409"}],"version-history":[{"count":0,"href":"https:\/\/vagas.portalemprego.com.br\/index.php?rest_route=\/wp\/v2\/posts\/6409\/revisions"}],"wp:attachment":[{"href":"https:\/\/vagas.portalemprego.com.br\/index.php?rest_route=%2Fwp%2Fv2%2Fmedia&parent=6409"}],"wp:term":[{"taxonomy":"category","embeddable":true,"href":"https:\/\/vagas.portalemprego.com.br\/index.php?rest_route=%2Fwp%2Fv2%2Fcategories&post=6409"},{"taxonomy":"post_tag","embeddable":true,"href":"https:\/\/vagas.portalemprego.com.br\/index.php?rest_route=%2Fwp%2Fv2%2Ftags&post=6409"}],"curies":[{"name":"wp","href":"https:\/\/api.w.org\/{rel}","templated":true}]}}