{"id":6411,"date":"2026-04-29T06:11:11","date_gmt":"2026-04-29T09:11:11","guid":{"rendered":"https:\/\/vagas.portalemprego.com.br\/?p=6411"},"modified":"2026-04-29T06:11:11","modified_gmt":"2026-04-29T09:11:11","slug":"assistente-comercial-comercial-vendas-rio-de-janeiro-5","status":"publish","type":"post","link":"https:\/\/vagas.portalemprego.com.br\/?p=6411","title":{"rendered":"Assistente Comercial &#8211; Comercial, Vendas &#8211; Rio de Janeiro"},"content":{"rendered":"<p>Requisitos obrigat\u00f3rios:<br \/>\n Ser extremamente comunicativa<br \/>\n Gostar muito de atendimento por telefone (ser\u00e1 sua principal ferramenta de trabalho)<br \/>\n Ter desenvoltura no atendimento presencial<br \/>\n Saber lidar com metas e agendamentos<br \/>\n Disponibilidade para trabalhar de segunda a sexta das 09h \u00e0s 18h e aos s\u00e1bados das 09hrs at\u00e9 13hrs.<br \/>\n Ter f\u00e1cil acesso ao Bairro da cl\u00ednica.<\/p>\n<p>Benef\u00edcios:<br \/>\nSal\u00e1rio fixo:  1.700,00<br \/>\nComiss\u00e3o por cada cliente que comparecer \u00e0 avalia\u00e7\u00e3o (ap\u00f3s o per\u00edodo de experi\u00eancia)<br \/>\nVale transporte<br \/>\nVale alimenta\u00e7\u00e3o de  200,00 (em dinheiro)<br \/>\nDesconto exclusivo nos procedimentos da cl\u00ednica<\/p>\n<ul>\n<li>Local de trabalho: Rio de Janeiro, RJ<\/li>\n<li>Regime de contrata\u00e7\u00e3o de tipo: Efetivo \u2013 CLT<\/li>\n<li>Jornada: Per\u00edodo Integral<\/li>\n<li>\u00c1rea e especializa\u00e7\u00e3o profissional: Comercial, Vendas &#8211; Venda Externa<\/li>\n<li>N\u00edvel hier\u00e1rquico: Assistente<\/li>\n<\/ul>\n<p>VALORIZADO<\/p>\n<p>Tempo de experi\u00eancia: Entre 1 e 3 anos<\/p>\n<p>Escolaridade M\u00ednima: Ensino M\u00e9dio (2\u00ba Grau)<\/p>\n","protected":false},"excerpt":{"rendered":"<p>Requisitos obrigat\u00f3rios: Ser extremamente comunicativa Gostar muito de atendimento por telefone (ser\u00e1 sua principal ferramenta de trabalho) Ter desenvoltura no atendimento presencial Saber lidar com metas e agendamentos Disponibilidade para trabalhar de segunda a sexta das 09h \u00e0s 18h e aos s\u00e1bados das 09hrs at\u00e9 13hrs. Ter f\u00e1cil acesso ao Bairro da cl\u00ednica. Benef\u00edcios: Sal\u00e1rio [&hellip;]<\/p>\n","protected":false},"author":1,"featured_media":0,"comment_status":"open","ping_status":"open","sticky":false,"template":"","format":"standard","meta":{"footnotes":""},"categories":[21],"tags":[],"class_list":["post-6411","post","type-post","status-publish","format-standard","hentry","category-rio-de-janeiro-rj"],"_links":{"self":[{"href":"https:\/\/vagas.portalemprego.com.br\/index.php?rest_route=\/wp\/v2\/posts\/6411","targetHints":{"allow":["GET"]}}],"collection":[{"href":"https:\/\/vagas.portalemprego.com.br\/index.php?rest_route=\/wp\/v2\/posts"}],"about":[{"href":"https:\/\/vagas.portalemprego.com.br\/index.php?rest_route=\/wp\/v2\/types\/post"}],"author":[{"embeddable":true,"href":"https:\/\/vagas.portalemprego.com.br\/index.php?rest_route=\/wp\/v2\/users\/1"}],"replies":[{"embeddable":true,"href":"https:\/\/vagas.portalemprego.com.br\/index.php?rest_route=%2Fwp%2Fv2%2Fcomments&post=6411"}],"version-history":[{"count":0,"href":"https:\/\/vagas.portalemprego.com.br\/index.php?rest_route=\/wp\/v2\/posts\/6411\/revisions"}],"wp:attachment":[{"href":"https:\/\/vagas.portalemprego.com.br\/index.php?rest_route=%2Fwp%2Fv2%2Fmedia&parent=6411"}],"wp:term":[{"taxonomy":"category","embeddable":true,"href":"https:\/\/vagas.portalemprego.com.br\/index.php?rest_route=%2Fwp%2Fv2%2Fcategories&post=6411"},{"taxonomy":"post_tag","embeddable":true,"href":"https:\/\/vagas.portalemprego.com.br\/index.php?rest_route=%2Fwp%2Fv2%2Ftags&post=6411"}],"curies":[{"name":"wp","href":"https:\/\/api.w.org\/{rel}","templated":true}]}}