{"id":6412,"date":"2026-04-29T06:11:11","date_gmt":"2026-04-29T09:11:11","guid":{"rendered":"https:\/\/vagas.portalemprego.com.br\/?p=6412"},"modified":"2026-04-29T06:11:11","modified_gmt":"2026-04-29T09:11:11","slug":"vendedor-comercial-vendas-nova-friburgo","status":"publish","type":"post","link":"https:\/\/vagas.portalemprego.com.br\/?p=6412","title":{"rendered":"Vendedor &#8211; Comercial, Vendas &#8211; Nova Friburgo"},"content":{"rendered":"<p>Fun\u00e7\u00e3o: Apoiar o processo de fechamento de avalia\u00e7\u00f5es.<br \/>\nA Dra. avaliadora tenta fechar procedimento no ato da consulta; se n\u00e3o for poss\u00edvel, encaminha para a vendedora (CRC) realizar o resgate e conduzir a parte burocr\u00e1tica do contrato. Foco principal \u00e9 o resgate de pacientes, mais do que o fechamento imediato.<\/p>\n<ul>\n<li>Local de trabalho: Nova Friburgo, RJ<\/li>\n<li>Regime de contrata\u00e7\u00e3o de tipo: Efetivo \u2013 CLT<\/li>\n<li>Jornada: Per\u00edodo Integral<\/li>\n<li>\u00c1rea e especializa\u00e7\u00e3o profissional: Comercial, Vendas &#8211; Venda Interna<\/li>\n<li>N\u00edvel hier\u00e1rquico: Operacional<\/li>\n<\/ul>\n<p>Escolaridade M\u00ednima: Ensino M\u00e9dio (2\u00ba Grau)<\/p>\n<ul>\n<li>Vale-transporte<\/li>\n<li>Comiss\u00f5es<\/li>\n<li>B\u00f4nus por resultado<\/li>\n<\/ul>\n","protected":false},"excerpt":{"rendered":"<p>Fun\u00e7\u00e3o: Apoiar o processo de fechamento de avalia\u00e7\u00f5es. A Dra. avaliadora tenta fechar procedimento no ato da consulta; se n\u00e3o for poss\u00edvel, encaminha para a vendedora (CRC) realizar o resgate e conduzir a parte burocr\u00e1tica do contrato. Foco principal \u00e9 o resgate de pacientes, mais do que o fechamento imediato. Local de trabalho: Nova Friburgo, [&hellip;]<\/p>\n","protected":false},"author":1,"featured_media":0,"comment_status":"open","ping_status":"open","sticky":false,"template":"","format":"standard","meta":{"footnotes":""},"categories":[21],"tags":[],"class_list":["post-6412","post","type-post","status-publish","format-standard","hentry","category-rio-de-janeiro-rj"],"_links":{"self":[{"href":"https:\/\/vagas.portalemprego.com.br\/index.php?rest_route=\/wp\/v2\/posts\/6412","targetHints":{"allow":["GET"]}}],"collection":[{"href":"https:\/\/vagas.portalemprego.com.br\/index.php?rest_route=\/wp\/v2\/posts"}],"about":[{"href":"https:\/\/vagas.portalemprego.com.br\/index.php?rest_route=\/wp\/v2\/types\/post"}],"author":[{"embeddable":true,"href":"https:\/\/vagas.portalemprego.com.br\/index.php?rest_route=\/wp\/v2\/users\/1"}],"replies":[{"embeddable":true,"href":"https:\/\/vagas.portalemprego.com.br\/index.php?rest_route=%2Fwp%2Fv2%2Fcomments&post=6412"}],"version-history":[{"count":0,"href":"https:\/\/vagas.portalemprego.com.br\/index.php?rest_route=\/wp\/v2\/posts\/6412\/revisions"}],"wp:attachment":[{"href":"https:\/\/vagas.portalemprego.com.br\/index.php?rest_route=%2Fwp%2Fv2%2Fmedia&parent=6412"}],"wp:term":[{"taxonomy":"category","embeddable":true,"href":"https:\/\/vagas.portalemprego.com.br\/index.php?rest_route=%2Fwp%2Fv2%2Fcategories&post=6412"},{"taxonomy":"post_tag","embeddable":true,"href":"https:\/\/vagas.portalemprego.com.br\/index.php?rest_route=%2Fwp%2Fv2%2Ftags&post=6412"}],"curies":[{"name":"wp","href":"https:\/\/api.w.org\/{rel}","templated":true}]}}