{"id":6416,"date":"2026-04-29T06:11:11","date_gmt":"2026-04-29T09:11:11","guid":{"rendered":"https:\/\/vagas.portalemprego.com.br\/?p=6416"},"modified":"2026-04-29T06:11:11","modified_gmt":"2026-04-29T09:11:11","slug":"operador-de-empilhadeira-logistica-duque-de-caxias-3","status":"publish","type":"post","link":"https:\/\/vagas.portalemprego.com.br\/?p=6416","title":{"rendered":"Operador de Empilhadeira &#8211; Log\u00edstica &#8211; Duque de Caxias"},"content":{"rendered":"<p>Preparar movimenta\u00e7\u00e3o de carga e a sua movimenta\u00e7\u00e3o;<br \/>\nOrganizar carga;<br \/>\nInterpretar simbologia das embalagens;<br \/>\nArmazenar de acordo com o prazo de validade do produto;<br \/>\nIdentificar caracter\u00edsticas da carga para transporte;<br \/>\nArmazenar e separar carga n\u00e3o conforme;<br \/>\nRealizar manuten\u00e7\u00e3o prevista em equipamentos para movimenta\u00e7\u00e3o de cargas;<br \/>\nRealizar as tarefas conforme definido nos controles operacionais (quando aplicado)<\/p>\n<ul>\n<li>Local de trabalho: Duque de Caxias, RJ<\/li>\n<li>Regime de contrata\u00e7\u00e3o de tipo: Efetivo \u2013 CLT<\/li>\n<li>Jornada: Per\u00edodo Integral<\/li>\n<li>\u00c1rea e especializa\u00e7\u00e3o profissional: Log\u00edstica &#8211; Estoque, Armazenagem, Dep\u00f3sito<\/li>\n<li>N\u00edvel hier\u00e1rquico: Operacional<\/li>\n<\/ul>\n<p>VALORIZADO<\/p>\n<p>Tempo de experi\u00eancia: Entre 1 e 3 anos<\/p>\n<p>HABILIDADES<\/p>\n<ul>\n<li>Curso de Operador de Empilhadeira<\/li>\n<li>Disponibilidade para trabalho em turno<\/li>\n<li>Experi\u00eancia na Opera\u00e7\u00e3o de Empilhadeira<\/li>\n<\/ul>\n<p>Escolaridade M\u00ednima: Ensino Fundamental (1\u00ba grau)<\/p>\n<ul>\n<li>Vale-transporte<\/li>\n<li>Assist\u00eancia m\u00e9dica<\/li>\n<li>Refei\u00e7\u00e3o no local<\/li>\n<li>Assist\u00eancia odontol\u00f3gica<\/li>\n<\/ul>\n","protected":false},"excerpt":{"rendered":"<p>Preparar movimenta\u00e7\u00e3o de carga e a sua movimenta\u00e7\u00e3o; Organizar carga; Interpretar simbologia das embalagens; Armazenar de acordo com o prazo de validade do produto; Identificar caracter\u00edsticas da carga para transporte; Armazenar e separar carga n\u00e3o conforme; Realizar manuten\u00e7\u00e3o prevista em equipamentos para movimenta\u00e7\u00e3o de cargas; Realizar as tarefas conforme definido nos controles operacionais (quando aplicado) [&hellip;]<\/p>\n","protected":false},"author":1,"featured_media":0,"comment_status":"open","ping_status":"open","sticky":false,"template":"","format":"standard","meta":{"footnotes":""},"categories":[21],"tags":[],"class_list":["post-6416","post","type-post","status-publish","format-standard","hentry","category-rio-de-janeiro-rj"],"_links":{"self":[{"href":"https:\/\/vagas.portalemprego.com.br\/index.php?rest_route=\/wp\/v2\/posts\/6416","targetHints":{"allow":["GET"]}}],"collection":[{"href":"https:\/\/vagas.portalemprego.com.br\/index.php?rest_route=\/wp\/v2\/posts"}],"about":[{"href":"https:\/\/vagas.portalemprego.com.br\/index.php?rest_route=\/wp\/v2\/types\/post"}],"author":[{"embeddable":true,"href":"https:\/\/vagas.portalemprego.com.br\/index.php?rest_route=\/wp\/v2\/users\/1"}],"replies":[{"embeddable":true,"href":"https:\/\/vagas.portalemprego.com.br\/index.php?rest_route=%2Fwp%2Fv2%2Fcomments&post=6416"}],"version-history":[{"count":0,"href":"https:\/\/vagas.portalemprego.com.br\/index.php?rest_route=\/wp\/v2\/posts\/6416\/revisions"}],"wp:attachment":[{"href":"https:\/\/vagas.portalemprego.com.br\/index.php?rest_route=%2Fwp%2Fv2%2Fmedia&parent=6416"}],"wp:term":[{"taxonomy":"category","embeddable":true,"href":"https:\/\/vagas.portalemprego.com.br\/index.php?rest_route=%2Fwp%2Fv2%2Fcategories&post=6416"},{"taxonomy":"post_tag","embeddable":true,"href":"https:\/\/vagas.portalemprego.com.br\/index.php?rest_route=%2Fwp%2Fv2%2Ftags&post=6416"}],"curies":[{"name":"wp","href":"https:\/\/api.w.org\/{rel}","templated":true}]}}