{"id":6417,"date":"2026-04-29T06:11:11","date_gmt":"2026-04-29T09:11:11","guid":{"rendered":"https:\/\/vagas.portalemprego.com.br\/?p=6417"},"modified":"2026-04-29T06:11:11","modified_gmt":"2026-04-29T09:11:11","slug":"analista-financeiro-contabil-financas-economia-rio-de-janeiro-9","status":"publish","type":"post","link":"https:\/\/vagas.portalemprego.com.br\/?p=6417","title":{"rendered":"Analista Financeiro &#8211; Cont\u00e1bil, Finan\u00e7as, Economia &#8211; Rio de Janeiro"},"content":{"rendered":"<p>A EBAM \u2013 Empresa Brasileira de Agregados Minerais est\u00e1 em busca de um profissional qualificado para o cargo de Analista Financeiro.<br \/>\nO candidato ideal dever\u00e1 ter s\u00f3lida experi\u00eancia em finan\u00e7as e tesouraria, com capacidade para executar e analisar as opera\u00e7\u00f5es financeiras da empresa.<\/p>\n<p>Atividades:<br \/>\nRotinas de concilia\u00e7\u00e3o de pagamentos, recebimentos, endividamento, atualiza\u00e7\u00e3o de empr\u00e9stimos e financiamentos, controle de vencidos e n\u00e3o pagos, cobran\u00e7a, cr\u00e9dito, protesto no cart\u00f3rio e Serasa, negocia\u00e7\u00e3o com clientes e fornecedores, elabora\u00e7\u00e3o de fluxo de caixa e relat\u00f3rios gerenciais.<br \/>\nO candidato dever\u00e1 demonstrar habilidades anal\u00edticas, capacidade de organiza\u00e7\u00e3o e gest\u00e3o de prazos.<br \/>\nO profissional deve ter forma\u00e7\u00e3o superior em Ci\u00eancias Cont\u00e1beis, Economia, Administra\u00e7\u00e3o ou \u00e1reas correlatas; conhecimento em Matem\u00e1tica Financeira e Excel avan\u00e7ado. VBA e BI ser\u00e3o diferenciais.<br \/>\nA EBAM valoriza profissionais que buscam um ambiente de trabalho din\u00e2mico e inovador, onde o desenvolvimento profissional \u00e9 incentivado.<br \/>\nSe voc\u00ea tem paix\u00e3o por finan\u00e7as e tesouraria e busca um desafio que combine sua expertise com as necessidades da nossa empresa, esta \u00e9 uma oportunidade para se destacar.<\/p>\n<ul>\n<li>Local de trabalho: Rio de Janeiro, RJ<\/li>\n<li>Regime de contrata\u00e7\u00e3o de tipo: Efetivo \u2013 CLT<\/li>\n<li>Jornada: Per\u00edodo Integral<\/li>\n<li>\u00c1rea e especializa\u00e7\u00e3o profissional: Cont\u00e1bil, Finan\u00e7as, Economia &#8211; Finan\u00e7as<\/li>\n<li>N\u00edvel hier\u00e1rquico: Analista<\/li>\n<\/ul>\n<p>VALORIZADO<\/p>\n<p>Tempo de experi\u00eancia: Entre 3 e 5 anos<\/p>\n<p>Escolaridade M\u00ednima: Ensino Superior<\/p>\n<p>Disponibilidade para viajar<\/p>\n<ul>\n<li>PLR<\/li>\n<li>Plano de Sa\u00fade<\/li>\n<li>Seguro de Vida<\/li>\n<li>Vale Alimenta\u00e7\u00e3o\/Refei\u00e7\u00e3o<\/li>\n<li>Vale Transporte<\/li>\n<\/ul>\n<p>Sal\u00e1rio: 4500,0<\/p>\n","protected":false},"excerpt":{"rendered":"<p>A EBAM \u2013 Empresa Brasileira de Agregados Minerais est\u00e1 em busca de um profissional qualificado para o cargo de Analista Financeiro. O candidato ideal dever\u00e1 ter s\u00f3lida experi\u00eancia em finan\u00e7as e tesouraria, com capacidade para executar e analisar as opera\u00e7\u00f5es financeiras da empresa. Atividades: Rotinas de concilia\u00e7\u00e3o de pagamentos, recebimentos, endividamento, atualiza\u00e7\u00e3o de empr\u00e9stimos e [&hellip;]<\/p>\n","protected":false},"author":1,"featured_media":0,"comment_status":"open","ping_status":"open","sticky":false,"template":"","format":"standard","meta":{"footnotes":""},"categories":[21],"tags":[],"class_list":["post-6417","post","type-post","status-publish","format-standard","hentry","category-rio-de-janeiro-rj"],"_links":{"self":[{"href":"https:\/\/vagas.portalemprego.com.br\/index.php?rest_route=\/wp\/v2\/posts\/6417","targetHints":{"allow":["GET"]}}],"collection":[{"href":"https:\/\/vagas.portalemprego.com.br\/index.php?rest_route=\/wp\/v2\/posts"}],"about":[{"href":"https:\/\/vagas.portalemprego.com.br\/index.php?rest_route=\/wp\/v2\/types\/post"}],"author":[{"embeddable":true,"href":"https:\/\/vagas.portalemprego.com.br\/index.php?rest_route=\/wp\/v2\/users\/1"}],"replies":[{"embeddable":true,"href":"https:\/\/vagas.portalemprego.com.br\/index.php?rest_route=%2Fwp%2Fv2%2Fcomments&post=6417"}],"version-history":[{"count":0,"href":"https:\/\/vagas.portalemprego.com.br\/index.php?rest_route=\/wp\/v2\/posts\/6417\/revisions"}],"wp:attachment":[{"href":"https:\/\/vagas.portalemprego.com.br\/index.php?rest_route=%2Fwp%2Fv2%2Fmedia&parent=6417"}],"wp:term":[{"taxonomy":"category","embeddable":true,"href":"https:\/\/vagas.portalemprego.com.br\/index.php?rest_route=%2Fwp%2Fv2%2Fcategories&post=6417"},{"taxonomy":"post_tag","embeddable":true,"href":"https:\/\/vagas.portalemprego.com.br\/index.php?rest_route=%2Fwp%2Fv2%2Ftags&post=6417"}],"curies":[{"name":"wp","href":"https:\/\/api.w.org\/{rel}","templated":true}]}}