{"id":6418,"date":"2026-04-29T06:11:11","date_gmt":"2026-04-29T09:11:11","guid":{"rendered":"https:\/\/vagas.portalemprego.com.br\/?p=6418"},"modified":"2026-04-29T06:11:11","modified_gmt":"2026-04-29T09:11:11","slug":"auxiliar-de-departamento-pessoal-recursos-humanos-abarracamento","status":"publish","type":"post","link":"https:\/\/vagas.portalemprego.com.br\/?p=6418","title":{"rendered":"Auxiliar de Departamento Pessoal &#8211; Recursos Humanos &#8211; Abarracamento"},"content":{"rendered":"<p>Ter experi\u00eancia com o Sistema DOM\u00cdNIO<br \/>\nTer experi\u00eancia com o Sistema ALTERDATA<br \/>\nAdmiss\u00e3o<br \/>\nFolha de Pagamento<br \/>\nF\u00e9rias<br \/>\nBenef\u00edcios<br \/>\nApura\u00e7\u00e3o de Ponto<br \/>\nRescis\u00f5es<br \/>\nApoio nas Homologa\u00e7\u00f5es<\/p>\n<ul>\n<li>Local de trabalho: Abarracamento, RJ<\/li>\n<li>Regime de contrata\u00e7\u00e3o de tipo: Efetivo \u2013 CLT<\/li>\n<li>Jornada: Per\u00edodo Integral<\/li>\n<li>\u00c1rea e especializa\u00e7\u00e3o profissional: Recursos Humanos &#8211; Departamento Pessoal<\/li>\n<li>N\u00edvel hier\u00e1rquico: Auxiliar<\/li>\n<\/ul>\n<p>VALORIZADO<\/p>\n<p>Tempo de experi\u00eancia: Menos de 1 ano<\/p>\n<p>Escolaridade M\u00ednima: Ensino Superior<\/p>\n<ul>\n<li>PLANO ODONTOL\u00d3GICO<\/li>\n<li>VR OU VA 30,00<\/li>\n<li>PLANO DE SA\u00daDE 50% 50% COLABORADOR -AP\u00d3S 3 MESES<\/li>\n<li>DESCONTO COM FACULDADES<\/li>\n<\/ul>\n<p>Sal\u00e1rio: 2180,0<\/p>\n","protected":false},"excerpt":{"rendered":"<p>Ter experi\u00eancia com o Sistema DOM\u00cdNIO Ter experi\u00eancia com o Sistema ALTERDATA Admiss\u00e3o Folha de Pagamento F\u00e9rias Benef\u00edcios Apura\u00e7\u00e3o de Ponto Rescis\u00f5es Apoio nas Homologa\u00e7\u00f5es Local de trabalho: Abarracamento, RJ Regime de contrata\u00e7\u00e3o de tipo: Efetivo \u2013 CLT Jornada: Per\u00edodo Integral \u00c1rea e especializa\u00e7\u00e3o profissional: Recursos Humanos &#8211; Departamento Pessoal N\u00edvel hier\u00e1rquico: Auxiliar VALORIZADO Tempo [&hellip;]<\/p>\n","protected":false},"author":1,"featured_media":0,"comment_status":"open","ping_status":"open","sticky":false,"template":"","format":"standard","meta":{"footnotes":""},"categories":[21],"tags":[],"class_list":["post-6418","post","type-post","status-publish","format-standard","hentry","category-rio-de-janeiro-rj"],"_links":{"self":[{"href":"https:\/\/vagas.portalemprego.com.br\/index.php?rest_route=\/wp\/v2\/posts\/6418","targetHints":{"allow":["GET"]}}],"collection":[{"href":"https:\/\/vagas.portalemprego.com.br\/index.php?rest_route=\/wp\/v2\/posts"}],"about":[{"href":"https:\/\/vagas.portalemprego.com.br\/index.php?rest_route=\/wp\/v2\/types\/post"}],"author":[{"embeddable":true,"href":"https:\/\/vagas.portalemprego.com.br\/index.php?rest_route=\/wp\/v2\/users\/1"}],"replies":[{"embeddable":true,"href":"https:\/\/vagas.portalemprego.com.br\/index.php?rest_route=%2Fwp%2Fv2%2Fcomments&post=6418"}],"version-history":[{"count":0,"href":"https:\/\/vagas.portalemprego.com.br\/index.php?rest_route=\/wp\/v2\/posts\/6418\/revisions"}],"wp:attachment":[{"href":"https:\/\/vagas.portalemprego.com.br\/index.php?rest_route=%2Fwp%2Fv2%2Fmedia&parent=6418"}],"wp:term":[{"taxonomy":"category","embeddable":true,"href":"https:\/\/vagas.portalemprego.com.br\/index.php?rest_route=%2Fwp%2Fv2%2Fcategories&post=6418"},{"taxonomy":"post_tag","embeddable":true,"href":"https:\/\/vagas.portalemprego.com.br\/index.php?rest_route=%2Fwp%2Fv2%2Ftags&post=6418"}],"curies":[{"name":"wp","href":"https:\/\/api.w.org\/{rel}","templated":true}]}}