{"id":6419,"date":"2026-04-29T06:11:11","date_gmt":"2026-04-29T09:11:11","guid":{"rendered":"https:\/\/vagas.portalemprego.com.br\/?p=6419"},"modified":"2026-04-29T06:11:11","modified_gmt":"2026-04-29T09:11:11","slug":"coordenador-de-contas-comercial-vendas-rio-de-janeiro","status":"publish","type":"post","link":"https:\/\/vagas.portalemprego.com.br\/?p=6419","title":{"rendered":"Coordenador de Contas &#8211; Comercial, Vendas &#8211; Rio de Janeiro"},"content":{"rendered":"<p>A Panco, refer\u00eancia no mercado de alimentos, busca um Coordenador de Contas para fazer parte da equipe! O que esperamos de voc\u00ea?<br \/>\nProcuramos profissionais dedicados e que tem o prop\u00f3sito de trabalhar com muito amor, carinho e dedica\u00e7\u00e3o. Se voc\u00ea \u00e9 uma dessas pessoas, venha fazer parte da nossa fam\u00edlia!<br \/>\nSe voc\u00ea \u00e9 um profissional proativo, comunicativo, anal\u00edtico e apaixonado pelo que faz, essa oportunidade \u00e9 para voc\u00ea!!!<\/p>\n<p>Responsabilidades:<br \/>\n*Planejar as vendas definindo \u00e1reas geogr\u00e1ficas de atua\u00e7\u00e3o, programando a agenda, visando o alcance dos distribuidores e clientes em potencial;<br \/>\n*Manter os clientes informados sobre as promo\u00e7\u00f5es e condi\u00e7\u00f5es de descontos, a fim de incrementar as vendas;<br \/>\n*Efetivar a venda de produtos da empresa, visitando as grandes redes de supermercados e realizando as negocia\u00e7\u00f5es comerciais;<br \/>\n*Verificar a exposi\u00e7\u00e3o dos produtos nas g\u00f4ndolas e prateleiras dos clientes, verificando junto aos promotores a reposi\u00e7\u00e3o dos mesmos, visando incrementar as vendas;<br \/>\n*Filtrar informa\u00e7\u00f5es dos clientes, analisando suas necessidades e comunicar \u00e0 Ger\u00eancia, visando o aprimoramento dos produtos e o atendimento \u00e0s necessidades dos clientes;<br \/>\n*Participar de reuni\u00f5es com a ger\u00eancia, apresentando os resultados, e participando da formula\u00e7\u00e3o das diretrizes e estrat\u00e9gias de vendas;<br \/>\n*Laborar conforme as normas de seguran\u00e7a\/higiene e meio ambiente;<br \/>\n*Executar outras tarefas correlatas \u00e0 fun\u00e7\u00e3o, a crit\u00e9rio do superior imediato.<br \/>\n*Garantir a Execu\u00e7\u00e3o no PDV conforme direcionamento da empresa; manter alinhamento com o time de Merchandising;<\/p>\n<p>Requisitos:<br \/>\nEnsino Superior Completo<br \/>\nConhecimentos no pacote office em n\u00edvel b\u00e1sico\/intermedi\u00e1rio<br \/>\nVivencia com centrais de atendimento ao cliente, negocia\u00e7\u00e3o com compradores e propostas de grande volume para mercados grande em geral<\/p>\n<p>Onde voc\u00ea ir\u00e1 trabalhar?<br \/>\n\u2022 Local de trabalho: Rio de Janeiro\/RJ. Regime: 100% presencial.<br \/>\n\u2022 Hor\u00e1rio de trabalho: de segunda-feira a s\u00e1bado, ter disponibilidade de hor\u00e1rio.<\/p>\n<p>Se identificou? Se inscreva! Esperamos por voc\u00ea! #VemPraPanco<\/p>\n<p>A PANCO (LUA NOVA) declara seu compromisso com a privacidade e a prote\u00e7\u00e3o dos dados pessoais de todas as pessoas naturais, com as quais se relaciona, com observ\u00e2ncia da Lei Geral de Prote\u00e7\u00e3o de Dados (LGPD) e com respeito aos direitos fundamentais dos titulares.<\/p>\n<ul>\n<li>Local de trabalho: Rio de Janeiro, RJ<\/li>\n<li>Regime de contrata\u00e7\u00e3o de tipo: Efetivo \u2013 CLT<\/li>\n<li>Jornada: Per\u00edodo Integral<\/li>\n<li>\u00c1rea e especializa\u00e7\u00e3o profissional: Comercial, Vendas &#8211; Atendimento<\/li>\n<li>N\u00edvel hier\u00e1rquico: Coordenador<\/li>\n<\/ul>\n<p>VALORIZADO<\/p>\n<p>Tempo de experi\u00eancia: Entre 1 e 3 anos<\/p>\n<p>Escolaridade M\u00ednima: Ensino Superior<\/p>\n<p>Forma\u00e7\u00e3o desejada:<\/p>\n<ul>\n<li>Administra\u00e7\u00e3o de empresas, Ensino Superior<\/li>\n<li>Marketing, Ensino Superior<\/li>\n<\/ul>\n<p>Habilita\u00e7\u00e3o para dirigir: B<\/p>\n<ul>\n<li>Vale-alimenta\u00e7\u00e3o<\/li>\n<li>Vale-refei\u00e7\u00e3o<\/li>\n<li>Assist\u00eancia m\u00e9dica<\/li>\n<li>Seguro de Vida<\/li>\n<\/ul>\n","protected":false},"excerpt":{"rendered":"<p>A Panco, refer\u00eancia no mercado de alimentos, busca um Coordenador de Contas para fazer parte da equipe! O que esperamos de voc\u00ea? Procuramos profissionais dedicados e que tem o prop\u00f3sito de trabalhar com muito amor, carinho e dedica\u00e7\u00e3o. Se voc\u00ea \u00e9 uma dessas pessoas, venha fazer parte da nossa fam\u00edlia! Se voc\u00ea \u00e9 um profissional [&hellip;]<\/p>\n","protected":false},"author":1,"featured_media":0,"comment_status":"open","ping_status":"open","sticky":false,"template":"","format":"standard","meta":{"footnotes":""},"categories":[21],"tags":[],"class_list":["post-6419","post","type-post","status-publish","format-standard","hentry","category-rio-de-janeiro-rj"],"_links":{"self":[{"href":"https:\/\/vagas.portalemprego.com.br\/index.php?rest_route=\/wp\/v2\/posts\/6419","targetHints":{"allow":["GET"]}}],"collection":[{"href":"https:\/\/vagas.portalemprego.com.br\/index.php?rest_route=\/wp\/v2\/posts"}],"about":[{"href":"https:\/\/vagas.portalemprego.com.br\/index.php?rest_route=\/wp\/v2\/types\/post"}],"author":[{"embeddable":true,"href":"https:\/\/vagas.portalemprego.com.br\/index.php?rest_route=\/wp\/v2\/users\/1"}],"replies":[{"embeddable":true,"href":"https:\/\/vagas.portalemprego.com.br\/index.php?rest_route=%2Fwp%2Fv2%2Fcomments&post=6419"}],"version-history":[{"count":0,"href":"https:\/\/vagas.portalemprego.com.br\/index.php?rest_route=\/wp\/v2\/posts\/6419\/revisions"}],"wp:attachment":[{"href":"https:\/\/vagas.portalemprego.com.br\/index.php?rest_route=%2Fwp%2Fv2%2Fmedia&parent=6419"}],"wp:term":[{"taxonomy":"category","embeddable":true,"href":"https:\/\/vagas.portalemprego.com.br\/index.php?rest_route=%2Fwp%2Fv2%2Fcategories&post=6419"},{"taxonomy":"post_tag","embeddable":true,"href":"https:\/\/vagas.portalemprego.com.br\/index.php?rest_route=%2Fwp%2Fv2%2Ftags&post=6419"}],"curies":[{"name":"wp","href":"https:\/\/api.w.org\/{rel}","templated":true}]}}