{"id":6433,"date":"2026-04-29T06:04:04","date_gmt":"2026-04-29T09:04:04","guid":{"rendered":"https:\/\/vagas.portalemprego.com.br\/?p=6433"},"modified":"2026-04-29T06:04:04","modified_gmt":"2026-04-29T09:04:04","slug":"auxiliar-de-cozinha-ilha-do-governador-turno-noite-alimentacao-gastronomia-rio-de-janeiro","status":"publish","type":"post","link":"https:\/\/vagas.portalemprego.com.br\/?p=6433","title":{"rendered":"AUXILIAR DE COZINHA &#8211; ILHA DO GOVERNADOR &#8211; TURNO NOITE &#8211; Alimenta\u00e7\u00e3o \/ Gastronomia &#8211; Rio de Janeiro"},"content":{"rendered":"<p>VAGA PARA AUXILIAR DE COZINHA &#8211; ILHA DO GOVERNADOR <\/p>\n<p>Regime de contrata\u00e7\u00e3o: CLT (TURNO NOITE \/ 1 VAGA EFETIVA + 1 VAGA TEMPOR\u00c1RIA)<\/p>\n<p>Voc\u00ea gosta do ambiente de cozinha e quer fazer parte de um time que valoriza sabor e qualidade? Esta pode ser a sua chance! Nosso cliente est\u00e1 \u00e0 procura de um(a) Auxiliar de Cozinha paar contribuir na prepara\u00e7\u00e3o de pratos deliciosos e garantir bom funcionamento da equipe. Veja os requisitos e se inscreva!<br \/>\n-Morar na Ilha do Governador.<br \/>\n-Ensino Fundamental Completo.<br \/>\n-Experi\u00eancia na fun\u00e7\u00e3o, incluindo o manuseio de fritadeira e lava-lou\u00e7as industriais.<\/p>\n<p>PERFIL NECESS\u00c1RIO<br \/>\n&#8211; Profissional organizado(a), pontual e atento(a) \u00e0 higiene.<br \/>\n&#8211; Capacidade de trabalhar com agilidade e efici\u00eancia<br \/>\n&#8211; Proatividade e espirito de equipe s\u00e3o essenciais.<br \/>\n&#8211; Comprometimento com as normas e processos estabelecidos<\/p>\n<p>ATRIBUI\u00c7\u00d5ES:<\/p>\n<p>&#8211; Apoio na prepara\u00e7\u00e3o dos alimentos<br \/>\n&#8211; Organiza\u00e7\u00e3o do espa\u00e7o e dos utens\u00edlios da cozinha<br \/>\n&#8211; Assist\u00eancia ao cozinheiro na montagem dos pratos<br \/>\n&#8211; Cumprimento de normas de higiene e seguran\u00e7a alimentar<br \/>\n&#8211; Dentre outras atividades pertinentes ao cargo.<\/p>\n<p>-Jornada: 44 horas semanais (Turno noturno)<\/p>\n<p>As vagas da entrevista s\u00e3o limitadas!<\/p>\n<p>Estamos ansiosos para conhecer voc\u00ea!<\/p>\n<ul>\n<li>N\u00famero de vagas: 2<\/li>\n<li>Local de trabalho: Rio de Janeiro, RJ<\/li>\n<li>Regime de contrata\u00e7\u00e3o de tipo: Efetivo \u2013 CLT<\/li>\n<li>Jornada: Noturno<\/li>\n<li>\u00c1rea e especializa\u00e7\u00e3o profissional: Alimenta\u00e7\u00e3o \/ Gastronomia &#8211; Cozinha<\/li>\n<li>N\u00edvel hier\u00e1rquico: Auxiliar<\/li>\n<\/ul>\n<p>VALORIZADO<\/p>\n<p>Tempo de experi\u00eancia: Entre 1 e 3 anos<\/p>\n<p>HABILIDADES<\/p>\n<ul>\n<li>AGILIDADE<\/li>\n<li>PROATIVIDADE<\/li>\n<li>PREOCUPA\u00c7\u00c3O COM HIGIENE<\/li>\n<li>comprometimento<\/li>\n<\/ul>\n<p>Escolaridade M\u00ednima: Ensino Fundamental (1\u00ba grau)<\/p>\n<ul>\n<li>Refei\u00e7\u00e3o no local<\/li>\n<li>Vale transporte<\/li>\n<li>Comiss\u00e3o<\/li>\n<\/ul>\n","protected":false},"excerpt":{"rendered":"<p>VAGA PARA AUXILIAR DE COZINHA &#8211; ILHA DO GOVERNADOR Regime de contrata\u00e7\u00e3o: CLT (TURNO NOITE \/ 1 VAGA EFETIVA + 1 VAGA TEMPOR\u00c1RIA) Voc\u00ea gosta do ambiente de cozinha e quer fazer parte de um time que valoriza sabor e qualidade? Esta pode ser a sua chance! Nosso cliente est\u00e1 \u00e0 procura de um(a) Auxiliar [&hellip;]<\/p>\n","protected":false},"author":1,"featured_media":0,"comment_status":"open","ping_status":"open","sticky":false,"template":"","format":"standard","meta":{"footnotes":""},"categories":[21],"tags":[],"class_list":["post-6433","post","type-post","status-publish","format-standard","hentry","category-rio-de-janeiro-rj"],"_links":{"self":[{"href":"https:\/\/vagas.portalemprego.com.br\/index.php?rest_route=\/wp\/v2\/posts\/6433","targetHints":{"allow":["GET"]}}],"collection":[{"href":"https:\/\/vagas.portalemprego.com.br\/index.php?rest_route=\/wp\/v2\/posts"}],"about":[{"href":"https:\/\/vagas.portalemprego.com.br\/index.php?rest_route=\/wp\/v2\/types\/post"}],"author":[{"embeddable":true,"href":"https:\/\/vagas.portalemprego.com.br\/index.php?rest_route=\/wp\/v2\/users\/1"}],"replies":[{"embeddable":true,"href":"https:\/\/vagas.portalemprego.com.br\/index.php?rest_route=%2Fwp%2Fv2%2Fcomments&post=6433"}],"version-history":[{"count":0,"href":"https:\/\/vagas.portalemprego.com.br\/index.php?rest_route=\/wp\/v2\/posts\/6433\/revisions"}],"wp:attachment":[{"href":"https:\/\/vagas.portalemprego.com.br\/index.php?rest_route=%2Fwp%2Fv2%2Fmedia&parent=6433"}],"wp:term":[{"taxonomy":"category","embeddable":true,"href":"https:\/\/vagas.portalemprego.com.br\/index.php?rest_route=%2Fwp%2Fv2%2Fcategories&post=6433"},{"taxonomy":"post_tag","embeddable":true,"href":"https:\/\/vagas.portalemprego.com.br\/index.php?rest_route=%2Fwp%2Fv2%2Ftags&post=6433"}],"curies":[{"name":"wp","href":"https:\/\/api.w.org\/{rel}","templated":true}]}}