{"id":6438,"date":"2026-04-29T06:04:04","date_gmt":"2026-04-29T09:04:04","guid":{"rendered":"https:\/\/vagas.portalemprego.com.br\/?p=6438"},"modified":"2026-04-29T06:04:04","modified_gmt":"2026-04-29T09:04:04","slug":"assistente-administrativo-administracao-niteroi","status":"publish","type":"post","link":"https:\/\/vagas.portalemprego.com.br\/?p=6438","title":{"rendered":"Assistente Administrativo &#8211; Administra\u00e7\u00e3o &#8211; Niter\u00f3i"},"content":{"rendered":"<p>O Grupo GPS, com mais de 60 anos de experi\u00eancia, busca profissionais que compartilhem do nosso Esp\u00edrito de Servir. Atuamos em diversas \u00e1reas, incluindo Facilities, Seguran\u00e7a, Log\u00edstica, Engenharia de Utilidades, Servi\u00e7os Industriais, Alimenta\u00e7\u00e3o e Infraestrutura.<br \/>\nVenha fazer parte de uma equipe que valoriza a excel\u00eancia e a inova\u00e7\u00e3o!????<\/p>\n<p>Estamos em busca de um ASSISTENTE ADMINISTRATIVO  para se juntar \u00e0 nossa equipe.<\/p>\n<p>Vaga aberta para todas as pessoas. Valorizamos a diversidade e a inclus\u00e3o em nosso time!<\/p>\n<p>Descri\u00e7\u00e3o da Vaga:<br \/>\nCOBDERTURA DE FERIAS<\/p>\n<p>Regi\u00e3o: Rua Alvares de Azevedo- 230, 4\u00ba,5\u00ba e 6\u00ba andres &#8211; Icara\u00ed Niter\u00f3i -RJ CEP : CEP 24220-021<\/p>\n<p>Sal\u00e1rio: R$:2243.62<\/p>\n<p>Escala: ESCALA SEGUNDA &#8211; SEXTA (08:00 as 18:00)<\/p>\n<p>Benef\u00edcios:<\/p>\n<p>-Vale Refei\u00e7\u00e3o R$:30.15<br \/>\n-Vale alimenta\u00e7\u00e3o R$:368<br \/>\n-Vale transporte: 6%<br \/>\n-Assist\u00eancia medica<\/p>\n<p>Responsabilidades:<br \/>\n-Ensino m\u00e9dio completo.<br \/>\n-No\u00e7\u00f5es e experi\u00eancias anteriores nas fun\u00e7\u00f5es ser\u00e1 um diferencial.<br \/>\n-Conhecimento no Pacote Office<br \/>\n-Organiza\u00e7\u00e3o, relacionamento interpessoal, boa flu\u00eancia verbal e escrita, cordialidade, iniciativa e flexibilidade.<\/p>\n<p>Requisitos:<br \/>\n-Controlar o preenchimento de assiduidade dos funcion\u00e1rios \u2022Receber, organizar e controlar folhas de ponto<br \/>\n\u2022Receber, conferir e enviar atestados m\u00e9dicos ao RH<br \/>\n\u2022Solicitar e acompanhar libera\u00e7\u00e3o de acessos f\u00edsicos<br \/>\n\u2022Solicitar e acompanhar cria\u00e7\u00e3o de acessos virtuais<br \/>\n\u2022Receber e enviar malotes de documentos<br \/>\n\u2022Separar e organizar uniformes e EPIs para remessa<br \/>\n\u2022Realizar servi\u00e7os externos de correios<br \/>\n\u2022Apoiar em levantamentos e mapeamentos de dados<br \/>\n\u2022Manter atualizados controles da \u00e1rea: reembolsos, presta\u00e7\u00e3o de contas, utiliza\u00e7\u00e3o de taxi, horas extras, f\u00e9rias, etc.<br \/>\n\u2022Apoiar \u00e0 \u00e1rea em demais necessidades administrativas<br \/>\n\u2022Atender solicita\u00e7\u00f5es da Analista quanto \u00e0 solicita\u00e7\u00e3o de levantamento de dados<br \/>\n\u2022Prestar atendimento \u00e0 equipe operacional para tratamento de ocorr\u00eancias \u2022Conferir e atualizar dados\/pastas no sistema do Cliente: controles e procedimentos<br \/>\n\u2022Conferir lan\u00e7amento de dados nas planilhas do RGM, para confec\u00e7\u00e3o do Book<br \/>\n\u2022Conferir lan\u00e7amento de horas extras de acordo com cronograma de servi\u00e7os de manuten\u00e7\u00e3o<br \/>\n\u2022Solicitar reset de senha de funcional da equipe Conbras (interface com o Cliente)<br \/>\n\u2022Solicitar crach\u00e1 Ita\u00fa para novos contratados (interface com o Cliente) \u2022Solicitar programa\u00e7\u00e3o de f\u00e9rias e acompanhar processo de cobertura.<\/p>\n<p>Se interessou? Entre em contato conosco! +55 11 99286-6396 -Kethylyn Toth, ou envie um e-mail com o assunto; 828579  &#8211; ASSISTENTE ADMINISTRATIVO para o endere\u00e7o: kethylyn.freitas@gpssa.com.br<\/p>\n<ul>\n<li>Local de trabalho: Niter\u00f3i, RJ<\/li>\n<li>Regime de contrata\u00e7\u00e3o de tipo: Efetivo \u2013 CLT<\/li>\n<li>Jornada: Per\u00edodo Integral<\/li>\n<li>\u00c1rea e especializa\u00e7\u00e3o profissional: Administra\u00e7\u00e3o &#8211; Administra\u00e7\u00e3o Geral<\/li>\n<li>N\u00edvel hier\u00e1rquico: Assistente<\/li>\n<\/ul>\n<p>VALORIZADO<\/p>\n<p>Tempo de experi\u00eancia: Entre 1 e 3 anos<\/p>\n<p>Escolaridade M\u00ednima: Curso extra-curricular \/ Profissionalizante<\/p>\n<p>Sal\u00e1rio: 2243,62<\/p>\n","protected":false},"excerpt":{"rendered":"<p>O Grupo GPS, com mais de 60 anos de experi\u00eancia, busca profissionais que compartilhem do nosso Esp\u00edrito de Servir. Atuamos em diversas \u00e1reas, incluindo Facilities, Seguran\u00e7a, Log\u00edstica, Engenharia de Utilidades, Servi\u00e7os Industriais, Alimenta\u00e7\u00e3o e Infraestrutura. Venha fazer parte de uma equipe que valoriza a excel\u00eancia e a inova\u00e7\u00e3o!???? Estamos em busca de um ASSISTENTE ADMINISTRATIVO [&hellip;]<\/p>\n","protected":false},"author":1,"featured_media":0,"comment_status":"open","ping_status":"open","sticky":false,"template":"","format":"standard","meta":{"footnotes":""},"categories":[21],"tags":[],"class_list":["post-6438","post","type-post","status-publish","format-standard","hentry","category-rio-de-janeiro-rj"],"_links":{"self":[{"href":"https:\/\/vagas.portalemprego.com.br\/index.php?rest_route=\/wp\/v2\/posts\/6438","targetHints":{"allow":["GET"]}}],"collection":[{"href":"https:\/\/vagas.portalemprego.com.br\/index.php?rest_route=\/wp\/v2\/posts"}],"about":[{"href":"https:\/\/vagas.portalemprego.com.br\/index.php?rest_route=\/wp\/v2\/types\/post"}],"author":[{"embeddable":true,"href":"https:\/\/vagas.portalemprego.com.br\/index.php?rest_route=\/wp\/v2\/users\/1"}],"replies":[{"embeddable":true,"href":"https:\/\/vagas.portalemprego.com.br\/index.php?rest_route=%2Fwp%2Fv2%2Fcomments&post=6438"}],"version-history":[{"count":0,"href":"https:\/\/vagas.portalemprego.com.br\/index.php?rest_route=\/wp\/v2\/posts\/6438\/revisions"}],"wp:attachment":[{"href":"https:\/\/vagas.portalemprego.com.br\/index.php?rest_route=%2Fwp%2Fv2%2Fmedia&parent=6438"}],"wp:term":[{"taxonomy":"category","embeddable":true,"href":"https:\/\/vagas.portalemprego.com.br\/index.php?rest_route=%2Fwp%2Fv2%2Fcategories&post=6438"},{"taxonomy":"post_tag","embeddable":true,"href":"https:\/\/vagas.portalemprego.com.br\/index.php?rest_route=%2Fwp%2Fv2%2Ftags&post=6438"}],"curies":[{"name":"wp","href":"https:\/\/api.w.org\/{rel}","templated":true}]}}