{"id":6439,"date":"2026-04-29T06:04:04","date_gmt":"2026-04-29T09:04:04","guid":{"rendered":"https:\/\/vagas.portalemprego.com.br\/?p=6439"},"modified":"2026-04-29T06:04:04","modified_gmt":"2026-04-29T09:04:04","slug":"tecnicoa-de-enfermagem-vaga-afirmativa-pcd-saude-petropolis","status":"publish","type":"post","link":"https:\/\/vagas.portalemprego.com.br\/?p=6439","title":{"rendered":"T\u00e9cnico(a) de Enfermagem &#8211; Vaga afirmativa PCD &#8211; Sa\u00fade &#8211; Petr\u00f3polis"},"content":{"rendered":"<p>ATRIBUI\u00c7\u00d5ES PRINCIPAIS:<\/p>\n<p>\u2022\tReceber e passar o plant\u00e3o<br \/>\n\u2022\tRealizar a assist\u00eancia de enfermagem de forma integral;<br \/>\n\u2022\tVisitar o paciente e fazer conferencias;<br \/>\n\u2022\tVerificar se h\u00e1 medica\u00e7\u00f5es para o hor\u00e1rio, separar e encaminhar ao box e administrar;<br \/>\n\u2022\tVerificar datas e validades de medicamentos de uso coletivo e armazenados na geladeira e posto de enfermagem;<br \/>\n\u2022\tVerificar o checklist beira leito, e executar as observa\u00e7\u00f5es realizadas pelo enfermeiro;<br \/>\n\u2022\tSeparar materiais para o banho e higiene oral e necessidades apontadas no checklist;<br \/>\n\u2022\tRealizar banho no leito (prote\u00e7\u00e3o dos acessos e curativos);<br \/>\n\u2022\tExecutar curativo cir\u00fargico simples, conforme a t\u00e9cnica est\u00e9ril);<br \/>\n\u2022\tApresentar-se e interagir com o paciente e acompanhante. Explicando os cuidados a serem realizados, se aplic\u00e1vel;<br \/>\n\u2022\tOfertar as refei\u00e7\u00f5es ao paciente, quando aplic\u00e1vel;<br \/>\n\u2022\tLiberar e controlar a visita;<br \/>\n\u2022\tBuscar medica\u00e7\u00f5es na farm\u00e1cia e conferir conforme prescri\u00e7\u00e3o no setor;<br \/>\n\u2022\tRealizar higiene oral conforme protocolo e prescri\u00e7\u00e3o;<br \/>\n\u2022\tSeparar medica\u00e7\u00f5es para o plant\u00e3o diurno e noturno e at\u00e9 o dia medica\u00e7\u00f5es do dia seguinte;<br \/>\n\u2022\tExecutar as tarefas de organiza\u00e7\u00e3o do setor atribu\u00eddas mensalmente;<br \/>\n\u2022\tEnvolver o familiar no cuidado e sanar d\u00favidas pertinentes;<br \/>\n\u2022\tChecar as anota\u00e7\u00f5es da evolu\u00e7\u00e3o no sistema;<br \/>\n\u2022\tRevisar os cuidados do paciente no final do plant\u00e3o;<\/p>\n<ul>\n<li>Local de trabalho: Petr\u00f3polis, RJ<\/li>\n<li>Regime de contrata\u00e7\u00e3o de tipo: Efetivo \u2013 CLT<\/li>\n<li>Jornada: Per\u00edodo Integral<\/li>\n<li>\u00c1rea e especializa\u00e7\u00e3o profissional: Sa\u00fade &#8211; Enfermagem<\/li>\n<li>N\u00edvel hier\u00e1rquico: Auxiliar<\/li>\n<\/ul>\n<p>VALORIZADO<\/p>\n<p>Tempo de experi\u00eancia: Entre 1 e 3 anos<\/p>\n<p>Escolaridade M\u00ednima: Curso T\u00e9cnico<\/p>\n<ul>\n<li>Vale Alimenta\u00e7\u00e3o<\/li>\n<li>Conv\u00eanio com Farm\u00e1cia;<\/li>\n<li>Refei\u00e7\u00e3o no local<\/li>\n<li>Seguro de Vida<\/li>\n<li>Assist\u00eancia medica e odontol\u00f3gica (ap\u00f3s per\u00edodo de experi\u00eancia)<\/li>\n<li>Welhub<\/li>\n<li>Conv\u00eanio com SESC<\/li>\n<\/ul>\n","protected":false},"excerpt":{"rendered":"<p>ATRIBUI\u00c7\u00d5ES PRINCIPAIS: \u2022 Receber e passar o plant\u00e3o \u2022 Realizar a assist\u00eancia de enfermagem de forma integral; \u2022 Visitar o paciente e fazer conferencias; \u2022 Verificar se h\u00e1 medica\u00e7\u00f5es para o hor\u00e1rio, separar e encaminhar ao box e administrar; \u2022 Verificar datas e validades de medicamentos de uso coletivo e armazenados na geladeira e posto [&hellip;]<\/p>\n","protected":false},"author":1,"featured_media":0,"comment_status":"open","ping_status":"open","sticky":false,"template":"","format":"standard","meta":{"footnotes":""},"categories":[21],"tags":[],"class_list":["post-6439","post","type-post","status-publish","format-standard","hentry","category-rio-de-janeiro-rj"],"_links":{"self":[{"href":"https:\/\/vagas.portalemprego.com.br\/index.php?rest_route=\/wp\/v2\/posts\/6439","targetHints":{"allow":["GET"]}}],"collection":[{"href":"https:\/\/vagas.portalemprego.com.br\/index.php?rest_route=\/wp\/v2\/posts"}],"about":[{"href":"https:\/\/vagas.portalemprego.com.br\/index.php?rest_route=\/wp\/v2\/types\/post"}],"author":[{"embeddable":true,"href":"https:\/\/vagas.portalemprego.com.br\/index.php?rest_route=\/wp\/v2\/users\/1"}],"replies":[{"embeddable":true,"href":"https:\/\/vagas.portalemprego.com.br\/index.php?rest_route=%2Fwp%2Fv2%2Fcomments&post=6439"}],"version-history":[{"count":0,"href":"https:\/\/vagas.portalemprego.com.br\/index.php?rest_route=\/wp\/v2\/posts\/6439\/revisions"}],"wp:attachment":[{"href":"https:\/\/vagas.portalemprego.com.br\/index.php?rest_route=%2Fwp%2Fv2%2Fmedia&parent=6439"}],"wp:term":[{"taxonomy":"category","embeddable":true,"href":"https:\/\/vagas.portalemprego.com.br\/index.php?rest_route=%2Fwp%2Fv2%2Fcategories&post=6439"},{"taxonomy":"post_tag","embeddable":true,"href":"https:\/\/vagas.portalemprego.com.br\/index.php?rest_route=%2Fwp%2Fv2%2Ftags&post=6439"}],"curies":[{"name":"wp","href":"https:\/\/api.w.org\/{rel}","templated":true}]}}