{"id":6441,"date":"2026-04-29T06:04:04","date_gmt":"2026-04-29T09:04:04","guid":{"rendered":"https:\/\/vagas.portalemprego.com.br\/?p=6441"},"modified":"2026-04-29T06:04:04","modified_gmt":"2026-04-29T09:04:04","slug":"vendedor-de-cosmeticos-comercial-vendas-rio-de-janeiro","status":"publish","type":"post","link":"https:\/\/vagas.portalemprego.com.br\/?p=6441","title":{"rendered":"Vendedor de Cosm\u00e9ticos &#8211; Comercial, Vendas &#8211; Rio de Janeiro"},"content":{"rendered":"<p>Vaga de  Vendedor  em Loja de Cosm\u00e9ticos  &#8211; Contrata\u00e7\u00e3o Tempor\u00e1ria<\/p>\n<p>Estamos em busca de um profissional din\u00e2mico e engajado para compor nosso time de vendas no Shopping Leblon.<br \/>\nSe voc\u00ea tem experi\u00eancia em vendas, gosta de desafios e est\u00e1 buscando uma oportunidade que valorize suas habilidades, esta \u00e9 a chance perfeita para voc\u00ea!<\/p>\n<p>Buscamos um profissional com as seguintes caracter\u00edsticas:<\/p>\n<p>&#8211; Ensino m\u00e9dio completo.<br \/>\n&#8211; Experi\u00eancia comprovada em vendas e trabalho com metas e press\u00e3o.<br \/>\n&#8211; Experi\u00eancia com atendimento ao p\u00fablico.<br \/>\n&#8211; Boa comunica\u00e7\u00e3o e intera\u00e7\u00e3o com clientes.<br \/>\n&#8211; Capacidade de trabalhar em um ambiente de alta demanda e press\u00e3o.<br \/>\n&#8211; Disponibilidade para atuar no hor\u00e1rio de fechamento.<\/p>\n<p>Requisitos:<br \/>\n&#8211; F\u00e1cil acesso ao Shopping Leblon.<br \/>\n&#8211; Disponibilidade para trabalhar em turnos de fechamento.<\/p>\n<p>O que oferecemos:<br \/>\n&#8211; Sal\u00e1rio competitivo com comiss\u00f5es<br \/>\n&#8211; Vale transporte<br \/>\n&#8211; Vale refei\u00e7\u00e3o<\/p>\n<p>Se voc\u00ea se identifica com o perfil acima e est\u00e1 pronto para se juntar a uma equipe de sucesso, candidate-se agora e fa\u00e7a parte de nossa equipe!<\/p>\n<ul>\n<li>Local de trabalho: Rio de Janeiro, RJ<\/li>\n<li>Regime de contrata\u00e7\u00e3o de tipo: Tempor\u00e1rio<\/li>\n<li>Jornada: Per\u00edodo Integral<\/li>\n<li>\u00c1rea e especializa\u00e7\u00e3o profissional: Comercial, Vendas &#8211; Venda Externa<\/li>\n<li>N\u00edvel hier\u00e1rquico: Operacional<\/li>\n<\/ul>\n<p>VALORIZADO<\/p>\n<p>Tempo de experi\u00eancia: Entre 1 e 3 anos<\/p>\n<p>HABILIDADES<\/p>\n<ul>\n<li>Disponibilidade para atuar no hor\u00e1rio de fechamento<\/li>\n<li>F\u00e1cil acesso ao Shopping Leblon<\/li>\n<li>Boa comunica\u00e7\u00e3o<\/li>\n<li>Experi\u00eancia com atendimento ao p\u00fablico<\/li>\n<li>Experi\u00eancia com vendas e trabalho com metas e press\u00e3o<\/li>\n<li>Ensino m\u00e9dio completo<\/li>\n<\/ul>\n<p>Escolaridade M\u00ednima: Ensino M\u00e9dio (2\u00ba Grau)<\/p>\n<ul>\n<li>Vale-transporte<\/li>\n<li>Vale-refei\u00e7\u00e3o<\/li>\n<\/ul>\n<p>Sal\u00e1rio: 1760,0<\/p>\n","protected":false},"excerpt":{"rendered":"<p>Vaga de Vendedor em Loja de Cosm\u00e9ticos &#8211; Contrata\u00e7\u00e3o Tempor\u00e1ria Estamos em busca de um profissional din\u00e2mico e engajado para compor nosso time de vendas no Shopping Leblon. Se voc\u00ea tem experi\u00eancia em vendas, gosta de desafios e est\u00e1 buscando uma oportunidade que valorize suas habilidades, esta \u00e9 a chance perfeita para voc\u00ea! Buscamos um [&hellip;]<\/p>\n","protected":false},"author":1,"featured_media":0,"comment_status":"open","ping_status":"open","sticky":false,"template":"","format":"standard","meta":{"footnotes":""},"categories":[21],"tags":[],"class_list":["post-6441","post","type-post","status-publish","format-standard","hentry","category-rio-de-janeiro-rj"],"_links":{"self":[{"href":"https:\/\/vagas.portalemprego.com.br\/index.php?rest_route=\/wp\/v2\/posts\/6441","targetHints":{"allow":["GET"]}}],"collection":[{"href":"https:\/\/vagas.portalemprego.com.br\/index.php?rest_route=\/wp\/v2\/posts"}],"about":[{"href":"https:\/\/vagas.portalemprego.com.br\/index.php?rest_route=\/wp\/v2\/types\/post"}],"author":[{"embeddable":true,"href":"https:\/\/vagas.portalemprego.com.br\/index.php?rest_route=\/wp\/v2\/users\/1"}],"replies":[{"embeddable":true,"href":"https:\/\/vagas.portalemprego.com.br\/index.php?rest_route=%2Fwp%2Fv2%2Fcomments&post=6441"}],"version-history":[{"count":0,"href":"https:\/\/vagas.portalemprego.com.br\/index.php?rest_route=\/wp\/v2\/posts\/6441\/revisions"}],"wp:attachment":[{"href":"https:\/\/vagas.portalemprego.com.br\/index.php?rest_route=%2Fwp%2Fv2%2Fmedia&parent=6441"}],"wp:term":[{"taxonomy":"category","embeddable":true,"href":"https:\/\/vagas.portalemprego.com.br\/index.php?rest_route=%2Fwp%2Fv2%2Fcategories&post=6441"},{"taxonomy":"post_tag","embeddable":true,"href":"https:\/\/vagas.portalemprego.com.br\/index.php?rest_route=%2Fwp%2Fv2%2Ftags&post=6441"}],"curies":[{"name":"wp","href":"https:\/\/api.w.org\/{rel}","templated":true}]}}