{"id":6444,"date":"2026-04-29T06:05:05","date_gmt":"2026-04-29T09:05:05","guid":{"rendered":"https:\/\/vagas.portalemprego.com.br\/?p=6444"},"modified":"2026-04-29T06:05:05","modified_gmt":"2026-04-29T09:05:05","slug":"vendedor-externo-comercial-vendas-rio-de-janeiro-7","status":"publish","type":"post","link":"https:\/\/vagas.portalemprego.com.br\/?p=6444","title":{"rendered":"Vendedor Externo &#8211; Comercial, Vendas &#8211; Rio de Janeiro"},"content":{"rendered":"<p>Luandre em parceria com empresa de grande porte no segmento de automobilistico, contrata profissional para atuar como Vendedor Externo para lojas de Zona Oeste ( Bangu, Campo Grande, Santa Cruz), Regi\u00e3o Metropolitana ( Niteroi, S\u00e3o Gon\u00e7alo, Maric\u00e1 ) e Baixada Fluminense ( Caxias )<\/p>\n<p>VAGA INCLUSIVA PARA AMBOS OS SEXOS, IDADES E PESSOAS PCD&#8217;s<\/p>\n<p>Atividades<br \/>\nProspectar novos clientes e realizar vendas externas de cons\u00f3rcios Honda em diversas regi\u00f5es do Rio de Janeiro.<br \/>\nRealizar visitas a clientes potenciais para apresentar os benef\u00edcios do cons\u00f3rcio, esclarecer d\u00favidas e fechar neg\u00f3cios.<br \/>\nDesenvolver estrat\u00e9gias de vendas eficazes para alcan\u00e7ar metas individuais e da equipe.<br \/>\nManter relacionamento pr\u00f3ximo com clientes atuais e potenciais, garantindo um atendimento de alto n\u00edvel e satisfa\u00e7\u00e3o.<br \/>\nParticipar ativamente de treinamentos oferecidos pela empresa para aprimoramento t\u00e9cnico e comercial.<\/p>\n<p>Requisitos:<br \/>\nExperi\u00eancia pr\u00e9via comprovada em vendas , preferencialmente no setor de cons\u00f3rcios, seguros ou produtos telef\u00f4nicos.<br \/>\nHabilidade para trabalhar de forma independente, gerenciar seu pr\u00f3prio tempo e priorizar tarefas conforme necess\u00e1rio.<br \/>\nExcelentes habilidades de comunica\u00e7\u00e3o e negocia\u00e7\u00e3o, com capacidade para influenciar decis\u00f5es de compra.<br \/>\nConhecimento do mercado automotivo e interesse pela marca Honda ser\u00e3o considerados diferenciais.<br \/>\nEnsino m\u00e9dio completo.<br \/>\nFacilidade de acesso a uma das regi\u00f5es citadas acima.<br \/>\nHor\u00e1rio de Atua\u00e7\u00e3o: Seg a Sex 8:00 \u00e0s 18:00 &#8211; S\u00e1b 08:00 \u00e0s 12:00h<\/p>\n<p>Benef\u00edcios:<br \/>\nM\u00ednimo Garantido: R$ 1.613,00 + Comiss\u00e3o sem limite de ganhos<br \/>\nCart\u00e3o Flash \u2013 R$350,00 fixo (Fornecido para o descolamento resid\u00eancia x local de atua\u00e7\u00e3o)<br \/>\nVale Refei\u00e7\u00e3o \u2013 R$24,50 dia<br \/>\nVale Alimenta\u00e7\u00e3o \u2013 R$201,00 m\u00eas<br \/>\nPlano Odontol\u00f3gico<br \/>\nPlano de sa\u00fade<br \/>\nConv\u00eanio com SESC<br \/>\nDescontos em Farm\u00e1cias<\/p>\n<p>Pe\u00e7o tamb\u00e9m que fa\u00e7a seu cadastro no nosso site no link https:\/\/candidato.luandre.com.br\/login<br \/>\nAt\u00e9 mais! Luandre Soluc\u00e7\u00f5es em RH<\/p>\n<ul>\n<li>N\u00famero de vagas: 15<\/li>\n<li>Local de trabalho: Rio de Janeiro, RJ<\/li>\n<li>Regime de contrata\u00e7\u00e3o de tipo: Efetivo \u2013 CLT<\/li>\n<li>Jornada: Per\u00edodo Integral<\/li>\n<li>\u00c1rea e especializa\u00e7\u00e3o profissional: Comercial, Vendas &#8211; Venda Externa<\/li>\n<li>N\u00edvel hier\u00e1rquico: Operacional<\/li>\n<\/ul>\n<p>VALORIZADO<\/p>\n<p>Tempo de experi\u00eancia: Entre 1 e 3 anos<\/p>\n<p>HABILIDADES<\/p>\n<ul>\n<li>Experi\u00eancia com vendas externas<\/li>\n<li>Experi\u00eancia com rotas<\/li>\n<li>Disponibilidade para atuar no RJ e Grande RJ<\/li>\n<\/ul>\n<p>Escolaridade M\u00ednima: Ensino M\u00e9dio (2\u00ba Grau)<\/p>\n<ul>\n<li>Assist\u00eancia m\u00e9dica<\/li>\n<li>Assist\u00eancia odontol\u00f3gica<\/li>\n<li>Vale-alimenta\u00e7\u00e3o<\/li>\n<li>Vale-refei\u00e7\u00e3o<\/li>\n<li>Aux\u00edlio farm\u00e1cia<\/li>\n<li>Vale-transporte<\/li>\n<\/ul>\n<p>Sal\u00e1rio: 5000,0<\/p>\n","protected":false},"excerpt":{"rendered":"<p>Luandre em parceria com empresa de grande porte no segmento de automobilistico, contrata profissional para atuar como Vendedor Externo para lojas de Zona Oeste ( Bangu, Campo Grande, Santa Cruz), Regi\u00e3o Metropolitana ( Niteroi, S\u00e3o Gon\u00e7alo, Maric\u00e1 ) e Baixada Fluminense ( Caxias ) VAGA INCLUSIVA PARA AMBOS OS SEXOS, IDADES E PESSOAS PCD&#8217;s Atividades [&hellip;]<\/p>\n","protected":false},"author":1,"featured_media":0,"comment_status":"open","ping_status":"open","sticky":false,"template":"","format":"standard","meta":{"footnotes":""},"categories":[21],"tags":[],"class_list":["post-6444","post","type-post","status-publish","format-standard","hentry","category-rio-de-janeiro-rj"],"_links":{"self":[{"href":"https:\/\/vagas.portalemprego.com.br\/index.php?rest_route=\/wp\/v2\/posts\/6444","targetHints":{"allow":["GET"]}}],"collection":[{"href":"https:\/\/vagas.portalemprego.com.br\/index.php?rest_route=\/wp\/v2\/posts"}],"about":[{"href":"https:\/\/vagas.portalemprego.com.br\/index.php?rest_route=\/wp\/v2\/types\/post"}],"author":[{"embeddable":true,"href":"https:\/\/vagas.portalemprego.com.br\/index.php?rest_route=\/wp\/v2\/users\/1"}],"replies":[{"embeddable":true,"href":"https:\/\/vagas.portalemprego.com.br\/index.php?rest_route=%2Fwp%2Fv2%2Fcomments&post=6444"}],"version-history":[{"count":0,"href":"https:\/\/vagas.portalemprego.com.br\/index.php?rest_route=\/wp\/v2\/posts\/6444\/revisions"}],"wp:attachment":[{"href":"https:\/\/vagas.portalemprego.com.br\/index.php?rest_route=%2Fwp%2Fv2%2Fmedia&parent=6444"}],"wp:term":[{"taxonomy":"category","embeddable":true,"href":"https:\/\/vagas.portalemprego.com.br\/index.php?rest_route=%2Fwp%2Fv2%2Fcategories&post=6444"},{"taxonomy":"post_tag","embeddable":true,"href":"https:\/\/vagas.portalemprego.com.br\/index.php?rest_route=%2Fwp%2Fv2%2Ftags&post=6444"}],"curies":[{"name":"wp","href":"https:\/\/api.w.org\/{rel}","templated":true}]}}