{"id":6445,"date":"2026-04-29T06:05:05","date_gmt":"2026-04-29T09:05:05","guid":{"rendered":"https:\/\/vagas.portalemprego.com.br\/?p=6445"},"modified":"2026-04-29T06:05:05","modified_gmt":"2026-04-29T09:05:05","slug":"encarregado-hospitalar-servicos-gerais-rio-de-janeiro-2","status":"publish","type":"post","link":"https:\/\/vagas.portalemprego.com.br\/?p=6445","title":{"rendered":"ENCARREGADO HOSPITALAR &#8211; Servi\u00e7os Gerais &#8211; Rio de Janeiro"},"content":{"rendered":"<p>Responsabilidades Principais:<\/p>\n<p>Garantir o uso correto de uniformes, EPIs, higiene pessoal e materiais conforme normas de seguran\u00e7a e procedimentos internos.<\/p>\n<p>Acompanhar a execu\u00e7\u00e3o das atividades di\u00e1rias via RAD (Relat\u00f3rio de Atividade Di\u00e1ria).<\/p>\n<p>Organizar e liderar a equipe de limpeza, distribuindo tarefas e alocando colaboradores por setor.<\/p>\n<p>Orientar e conferir o preenchimento de relat\u00f3rios durante as rondas e ao final do plant\u00e3o.<\/p>\n<p>Realizar checklist e ambienta\u00e7\u00e3o de novos colaboradores conforme rotina estabelecida.<\/p>\n<p>Verificar o abastecimento dos materiais nos DMLs e carrinhos funcionais.<\/p>\n<p>Avaliar a limpeza por meio de checklists, corrigindo falhas e assegurando a padroniza\u00e7\u00e3o.<\/p>\n<p>Monitorar a conduta da equipe, aplicando orienta\u00e7\u00f5es e medidas disciplinares quando necess\u00e1rio.<\/p>\n<p>Refor\u00e7ar a aplica\u00e7\u00e3o pr\u00e1tica dos treinamentos realizados.<\/p>\n<p>Controlar a distribui\u00e7\u00e3o e registro de EPIs, com coleta de assinaturas.<\/p>\n<p>Conferir validade e rotulagem de produtos no estoque e dilu\u00eddos.<\/p>\n<p>Monitorar o estoque de materiais\/equipamentos, sinalizando ou solicitando reposi\u00e7\u00f5es.<\/p>\n<p>Receber e encaminhar atestados m\u00e9dicos dos colaboradores para tratativas administrativas.<\/p>\n<ul>\n<li>Local de trabalho: Rio de Janeiro, RJ<\/li>\n<li>Regime de contrata\u00e7\u00e3o de tipo: Efetivo \u2013 CLT<\/li>\n<li>Jornada: Per\u00edodo Integral<\/li>\n<li>\u00c1rea e especializa\u00e7\u00e3o profissional: Servi\u00e7os Gerais &#8211; Limpeza<\/li>\n<li>N\u00edvel hier\u00e1rquico: Encarregado<\/li>\n<\/ul>\n<p>VALORIZADO<\/p>\n<p>Tempo de experi\u00eancia: Menos de 1 ano<\/p>\n<p>Escolaridade M\u00ednima: Ensino Fundamental (1\u00ba grau)<\/p>\n","protected":false},"excerpt":{"rendered":"<p>Responsabilidades Principais: Garantir o uso correto de uniformes, EPIs, higiene pessoal e materiais conforme normas de seguran\u00e7a e procedimentos internos. Acompanhar a execu\u00e7\u00e3o das atividades di\u00e1rias via RAD (Relat\u00f3rio de Atividade Di\u00e1ria). Organizar e liderar a equipe de limpeza, distribuindo tarefas e alocando colaboradores por setor. Orientar e conferir o preenchimento de relat\u00f3rios durante as [&hellip;]<\/p>\n","protected":false},"author":1,"featured_media":0,"comment_status":"open","ping_status":"open","sticky":false,"template":"","format":"standard","meta":{"footnotes":""},"categories":[21],"tags":[],"class_list":["post-6445","post","type-post","status-publish","format-standard","hentry","category-rio-de-janeiro-rj"],"_links":{"self":[{"href":"https:\/\/vagas.portalemprego.com.br\/index.php?rest_route=\/wp\/v2\/posts\/6445","targetHints":{"allow":["GET"]}}],"collection":[{"href":"https:\/\/vagas.portalemprego.com.br\/index.php?rest_route=\/wp\/v2\/posts"}],"about":[{"href":"https:\/\/vagas.portalemprego.com.br\/index.php?rest_route=\/wp\/v2\/types\/post"}],"author":[{"embeddable":true,"href":"https:\/\/vagas.portalemprego.com.br\/index.php?rest_route=\/wp\/v2\/users\/1"}],"replies":[{"embeddable":true,"href":"https:\/\/vagas.portalemprego.com.br\/index.php?rest_route=%2Fwp%2Fv2%2Fcomments&post=6445"}],"version-history":[{"count":0,"href":"https:\/\/vagas.portalemprego.com.br\/index.php?rest_route=\/wp\/v2\/posts\/6445\/revisions"}],"wp:attachment":[{"href":"https:\/\/vagas.portalemprego.com.br\/index.php?rest_route=%2Fwp%2Fv2%2Fmedia&parent=6445"}],"wp:term":[{"taxonomy":"category","embeddable":true,"href":"https:\/\/vagas.portalemprego.com.br\/index.php?rest_route=%2Fwp%2Fv2%2Fcategories&post=6445"},{"taxonomy":"post_tag","embeddable":true,"href":"https:\/\/vagas.portalemprego.com.br\/index.php?rest_route=%2Fwp%2Fv2%2Ftags&post=6445"}],"curies":[{"name":"wp","href":"https:\/\/api.w.org\/{rel}","templated":true}]}}