{"id":6448,"date":"2026-04-29T06:05:05","date_gmt":"2026-04-29T09:05:05","guid":{"rendered":"https:\/\/vagas.portalemprego.com.br\/?p=6448"},"modified":"2026-04-29T06:05:05","modified_gmt":"2026-04-29T09:05:05","slug":"fiscal-de-loja-comercial-vendas-rio-de-janeiro-8","status":"publish","type":"post","link":"https:\/\/vagas.portalemprego.com.br\/?p=6448","title":{"rendered":"Fiscal de Loja &#8211; Comercial, Vendas &#8211; Rio de Janeiro"},"content":{"rendered":"<p>Oportunidade de trabalho em ambiente din\u00e2mico e desafiador!<\/p>\n<p>Estamos em busca de um Fiscal de Loja para se juntar ao nosso time  no Shopping Leblon.<\/p>\n<p>Buscamos um profissional com experi\u00eancia comprovada em fiscaliza\u00e7\u00e3o e atendimento ao cliente em redes de supermercados e grandes lojas do varejo.<\/p>\n<p>O candidato ideal deve ter ensino m\u00e9dio completo e experi\u00eancia pr\u00e1tica em fun\u00e7\u00f5es similares.<br \/>\n\u00c9 essencial que voc\u00ea tenha trabalhado em ambientes de varejo, com foco na fiscaliza\u00e7\u00e3o e no atendimento ao cliente.<br \/>\nA disponibilidade para atuar em regime tempor\u00e1rio \u00e9 um requisito fundamental, assim como o f\u00e1cil acesso ao Shopping Leblon.<br \/>\nAl\u00e9m disso, a disposi\u00e7\u00e3o para trabalhar no hor\u00e1rio de fechamento \u00e9 imprescind\u00edvel para garantir a seguran\u00e7a e o bom funcionamento da loja durante os momentos de maior movimento.<\/p>\n<p>Voc\u00ea ser\u00e1 respons\u00e1vel por monitorar as atividades da loja, garantir a integridade dos produtos e a conformidade com as pol\u00edticas de seguran\u00e7a e fiscaliza\u00e7\u00e3o.<br \/>\nSua fun\u00e7\u00e3o tamb\u00e9m inclui o atendimento ao cliente, garantindo um ambiente agrad\u00e1vel e seguro para todos os visitantes.<\/p>\n<p>Junte-se a n\u00f3s e contribua para manter um ambiente seguro e agrad\u00e1vel para nossos clientes.<\/p>\n<ul>\n<li>Local de trabalho: Rio de Janeiro, RJ<\/li>\n<li>Regime de contrata\u00e7\u00e3o de tipo: Tempor\u00e1rio<\/li>\n<li>Jornada: Per\u00edodo Integral<\/li>\n<li>\u00c1rea e especializa\u00e7\u00e3o profissional: Comercial, Vendas &#8211; Lojas \/ Shopping<\/li>\n<li>N\u00edvel hier\u00e1rquico: Operacional<\/li>\n<\/ul>\n<p>VALORIZADO<\/p>\n<p>Tempo de experi\u00eancia: Entre 1 e 3 anos<\/p>\n<p>HABILIDADES<\/p>\n<ul>\n<li>Disponibilidade para atuar no hor\u00e1rio de fechamento<\/li>\n<li>F\u00e1cil acesso ao Shopping Leblon<\/li>\n<li>Disponibilidade para atuar em regime tempor\u00e1rio<\/li>\n<li>Experi\u00eancia como fiscal em rede de supermercados e grandes lojas do varejo<\/li>\n<li>Experi\u00eancia com atendimento ao cliente<\/li>\n<li>Ensino m\u00e9dio completo<\/li>\n<\/ul>\n<p>Escolaridade M\u00ednima: Ensino M\u00e9dio (2\u00ba Grau)<\/p>\n<ul>\n<li>Vale-transporte<\/li>\n<li>Vale-refei\u00e7\u00e3o<\/li>\n<\/ul>\n<p>Sal\u00e1rio: 1840,0<\/p>\n","protected":false},"excerpt":{"rendered":"<p>Oportunidade de trabalho em ambiente din\u00e2mico e desafiador! Estamos em busca de um Fiscal de Loja para se juntar ao nosso time no Shopping Leblon. Buscamos um profissional com experi\u00eancia comprovada em fiscaliza\u00e7\u00e3o e atendimento ao cliente em redes de supermercados e grandes lojas do varejo. O candidato ideal deve ter ensino m\u00e9dio completo e [&hellip;]<\/p>\n","protected":false},"author":1,"featured_media":0,"comment_status":"open","ping_status":"open","sticky":false,"template":"","format":"standard","meta":{"footnotes":""},"categories":[21],"tags":[],"class_list":["post-6448","post","type-post","status-publish","format-standard","hentry","category-rio-de-janeiro-rj"],"_links":{"self":[{"href":"https:\/\/vagas.portalemprego.com.br\/index.php?rest_route=\/wp\/v2\/posts\/6448","targetHints":{"allow":["GET"]}}],"collection":[{"href":"https:\/\/vagas.portalemprego.com.br\/index.php?rest_route=\/wp\/v2\/posts"}],"about":[{"href":"https:\/\/vagas.portalemprego.com.br\/index.php?rest_route=\/wp\/v2\/types\/post"}],"author":[{"embeddable":true,"href":"https:\/\/vagas.portalemprego.com.br\/index.php?rest_route=\/wp\/v2\/users\/1"}],"replies":[{"embeddable":true,"href":"https:\/\/vagas.portalemprego.com.br\/index.php?rest_route=%2Fwp%2Fv2%2Fcomments&post=6448"}],"version-history":[{"count":0,"href":"https:\/\/vagas.portalemprego.com.br\/index.php?rest_route=\/wp\/v2\/posts\/6448\/revisions"}],"wp:attachment":[{"href":"https:\/\/vagas.portalemprego.com.br\/index.php?rest_route=%2Fwp%2Fv2%2Fmedia&parent=6448"}],"wp:term":[{"taxonomy":"category","embeddable":true,"href":"https:\/\/vagas.portalemprego.com.br\/index.php?rest_route=%2Fwp%2Fv2%2Fcategories&post=6448"},{"taxonomy":"post_tag","embeddable":true,"href":"https:\/\/vagas.portalemprego.com.br\/index.php?rest_route=%2Fwp%2Fv2%2Ftags&post=6448"}],"curies":[{"name":"wp","href":"https:\/\/api.w.org\/{rel}","templated":true}]}}