{"id":6450,"date":"2026-04-29T06:05:05","date_gmt":"2026-04-29T09:05:05","guid":{"rendered":"https:\/\/vagas.portalemprego.com.br\/?p=6450"},"modified":"2026-04-29T06:05:05","modified_gmt":"2026-04-29T09:05:05","slug":"auxiliar-de-servicos-gerais-servicos-gerais-rio-de-janeiro-79","status":"publish","type":"post","link":"https:\/\/vagas.portalemprego.com.br\/?p=6450","title":{"rendered":"Auxiliar de Servi\u00e7os Gerais &#8211; Servi\u00e7os Gerais &#8211; Rio de Janeiro"},"content":{"rendered":"<p>Vaga: Auxiliar de Servi\u00e7os Gerais \u2014 Casa de Festas<br \/>\nEstamos procurando uma pessoa respons\u00e1vel, caprichosa e com vontade de trabalhar para fazer parte da nossa equipe como Auxiliar de Servi\u00e7os Gerais.<br \/>\nAqui, o seu trabalho faz toda a diferen\u00e7a! Voc\u00ea vai ajudar a manter nossos espa\u00e7os sempre limpos, organizados e prontos para receber grandes momentos.<br \/>\nO que voc\u00ea vai fazer:<br \/>\nLimpeza e organiza\u00e7\u00e3o dos sal\u00f5es, banheiros e \u00e1reas de apoio;<br \/>\nApoio em tarefas simples de manuten\u00e7\u00e3o e preparo dos ambientes;<br \/>\nCuidados com materiais e equipamentos de limpeza;<br \/>\nColabora\u00e7\u00e3o com a equipe para garantir que tudo esteja perfeito para cada evento.<br \/>\nO que esperamos de voc\u00ea:<br \/>\nSer pontual, respons\u00e1vel e ter vontade de aprender;<br \/>\nTer aten\u00e7\u00e3o aos detalhes e gostar de deixar tudo em ordem;<br \/>\nDisponibilidade para trabalhar em finais de semana e feriados, conforme a necessidade dos eventos;<br \/>\nExperi\u00eancia na \u00e1rea \u00e9 um diferencial, mas n\u00e3o \u00e9 obrigat\u00f3ria \u2014 se voc\u00ea tem vontade de fazer bem feito, queremos te conhecer!<br \/>\nOferecemos:<br \/>\nAmbiente de trabalho agrad\u00e1vel e respeitoso;<br \/>\nTreinamento e oportunidade de crescimento;<br \/>\nFazer parte de uma equipe que valoriza cada colaborador.<br \/>\nSe voc\u00ea \u00e9 uma pessoa dedicada, gosta de trabalhar em equipe e tem orgulho do que faz, essa vaga \u00e9 pra voc\u00ea!<br \/>\n?? Envie seu curr\u00edculo (ou uma breve mensagem contando sobre sua experi\u00eancia) e venha fazer parte da nossa equipe que ajuda a tornar sonhos realidade!<\/p>\n<ul>\n<li>Local de trabalho: Rio de Janeiro, RJ<\/li>\n<li>Regime de contrata\u00e7\u00e3o de tipo: Efetivo \u2013 CLT<\/li>\n<li>Jornada: Per\u00edodo Integral<\/li>\n<li>\u00c1rea e especializa\u00e7\u00e3o profissional: Servi\u00e7os Gerais &#8211; Limpeza<\/li>\n<li>N\u00edvel hier\u00e1rquico: Auxiliar<\/li>\n<\/ul>\n<p>Escolaridade M\u00ednima: Ensino M\u00e9dio (2\u00ba Grau)<\/p>\n<p>Sal\u00e1rio: 2008,0<\/p>\n","protected":false},"excerpt":{"rendered":"<p>Vaga: Auxiliar de Servi\u00e7os Gerais \u2014 Casa de Festas Estamos procurando uma pessoa respons\u00e1vel, caprichosa e com vontade de trabalhar para fazer parte da nossa equipe como Auxiliar de Servi\u00e7os Gerais. Aqui, o seu trabalho faz toda a diferen\u00e7a! Voc\u00ea vai ajudar a manter nossos espa\u00e7os sempre limpos, organizados e prontos para receber grandes momentos. [&hellip;]<\/p>\n","protected":false},"author":1,"featured_media":0,"comment_status":"open","ping_status":"open","sticky":false,"template":"","format":"standard","meta":{"footnotes":""},"categories":[21],"tags":[],"class_list":["post-6450","post","type-post","status-publish","format-standard","hentry","category-rio-de-janeiro-rj"],"_links":{"self":[{"href":"https:\/\/vagas.portalemprego.com.br\/index.php?rest_route=\/wp\/v2\/posts\/6450","targetHints":{"allow":["GET"]}}],"collection":[{"href":"https:\/\/vagas.portalemprego.com.br\/index.php?rest_route=\/wp\/v2\/posts"}],"about":[{"href":"https:\/\/vagas.portalemprego.com.br\/index.php?rest_route=\/wp\/v2\/types\/post"}],"author":[{"embeddable":true,"href":"https:\/\/vagas.portalemprego.com.br\/index.php?rest_route=\/wp\/v2\/users\/1"}],"replies":[{"embeddable":true,"href":"https:\/\/vagas.portalemprego.com.br\/index.php?rest_route=%2Fwp%2Fv2%2Fcomments&post=6450"}],"version-history":[{"count":0,"href":"https:\/\/vagas.portalemprego.com.br\/index.php?rest_route=\/wp\/v2\/posts\/6450\/revisions"}],"wp:attachment":[{"href":"https:\/\/vagas.portalemprego.com.br\/index.php?rest_route=%2Fwp%2Fv2%2Fmedia&parent=6450"}],"wp:term":[{"taxonomy":"category","embeddable":true,"href":"https:\/\/vagas.portalemprego.com.br\/index.php?rest_route=%2Fwp%2Fv2%2Fcategories&post=6450"},{"taxonomy":"post_tag","embeddable":true,"href":"https:\/\/vagas.portalemprego.com.br\/index.php?rest_route=%2Fwp%2Fv2%2Ftags&post=6450"}],"curies":[{"name":"wp","href":"https:\/\/api.w.org\/{rel}","templated":true}]}}