{"id":6451,"date":"2026-04-29T06:05:05","date_gmt":"2026-04-29T09:05:05","guid":{"rendered":"https:\/\/vagas.portalemprego.com.br\/?p=6451"},"modified":"2026-04-29T06:05:05","modified_gmt":"2026-04-29T09:05:05","slug":"promotor-de-vendas-zona-oeste-e-zona-norte-comercial-vendas-rio-de-janeiro","status":"publish","type":"post","link":"https:\/\/vagas.portalemprego.com.br\/?p=6451","title":{"rendered":"Promotor de Vendas &#8211; ZONA OESTE e ZONA NORTE &#8211; Comercial, Vendas &#8211; Rio de Janeiro"},"content":{"rendered":"<p>\u2022       Visitas a pdv<br \/>\n\u2022\tIdentifica\u00e7\u00e3o de oportunidades no pdv<br \/>\n\u2022\tAcompanhamento e execu\u00e7\u00e3o dos planogramas<br \/>\n\u2022\tIdentificar e solucionar problemas<br \/>\n\u2022\tPromove produtos e servi\u00e7os<br \/>\n\u2022\tOrganiza exposi\u00e7\u00e3o e rotatividade em pontos de venda de acordo com o layout estabelecido pela empresa<\/p>\n<p>LOCAL: ZONA NORTE ou OESTE &#8211; S\u00e3o v\u00e1rias oportunidades<\/p>\n<p>ESCALA: Segunda \u00e0 S\u00e1bado, 8h as 16h20.<br \/>\nCLT &#8211; EFETIVO<\/p>\n<ul>\n<li>N\u00famero de vagas: 5<\/li>\n<li>Local de trabalho: Rio de Janeiro, RJ<\/li>\n<li>Regime de contrata\u00e7\u00e3o de tipo: Efetivo \u2013 CLT<\/li>\n<li>Jornada: Per\u00edodo Integral<\/li>\n<li>\u00c1rea e especializa\u00e7\u00e3o profissional: Comercial, Vendas &#8211; Demonstrador \/ Promotor<\/li>\n<li>N\u00edvel hier\u00e1rquico: Operacional<\/li>\n<\/ul>\n<p>VALORIZADO<\/p>\n<p>Tempo de experi\u00eancia: Entre 1 e 3 anos<\/p>\n<p>Escolaridade M\u00ednima: Ensino M\u00e9dio (2\u00ba Grau)<\/p>\n<ul>\n<li>VALE TRANSPORTE NO BILHETE \u00daNICO<\/li>\n<li>DESCONTO COM FACULDADES<\/li>\n<li>SEGURO DE VIDA EM GRUPO<\/li>\n<li>VR NO VALOR DE R$ 28,99\/dia<\/li>\n<\/ul>\n<p>Sal\u00e1rio: 1836,77<\/p>\n","protected":false},"excerpt":{"rendered":"<p>\u2022 Visitas a pdv \u2022 Identifica\u00e7\u00e3o de oportunidades no pdv \u2022 Acompanhamento e execu\u00e7\u00e3o dos planogramas \u2022 Identificar e solucionar problemas \u2022 Promove produtos e servi\u00e7os \u2022 Organiza exposi\u00e7\u00e3o e rotatividade em pontos de venda de acordo com o layout estabelecido pela empresa LOCAL: ZONA NORTE ou OESTE &#8211; S\u00e3o v\u00e1rias oportunidades ESCALA: Segunda \u00e0 [&hellip;]<\/p>\n","protected":false},"author":1,"featured_media":0,"comment_status":"open","ping_status":"open","sticky":false,"template":"","format":"standard","meta":{"footnotes":""},"categories":[21],"tags":[],"class_list":["post-6451","post","type-post","status-publish","format-standard","hentry","category-rio-de-janeiro-rj"],"_links":{"self":[{"href":"https:\/\/vagas.portalemprego.com.br\/index.php?rest_route=\/wp\/v2\/posts\/6451","targetHints":{"allow":["GET"]}}],"collection":[{"href":"https:\/\/vagas.portalemprego.com.br\/index.php?rest_route=\/wp\/v2\/posts"}],"about":[{"href":"https:\/\/vagas.portalemprego.com.br\/index.php?rest_route=\/wp\/v2\/types\/post"}],"author":[{"embeddable":true,"href":"https:\/\/vagas.portalemprego.com.br\/index.php?rest_route=\/wp\/v2\/users\/1"}],"replies":[{"embeddable":true,"href":"https:\/\/vagas.portalemprego.com.br\/index.php?rest_route=%2Fwp%2Fv2%2Fcomments&post=6451"}],"version-history":[{"count":0,"href":"https:\/\/vagas.portalemprego.com.br\/index.php?rest_route=\/wp\/v2\/posts\/6451\/revisions"}],"wp:attachment":[{"href":"https:\/\/vagas.portalemprego.com.br\/index.php?rest_route=%2Fwp%2Fv2%2Fmedia&parent=6451"}],"wp:term":[{"taxonomy":"category","embeddable":true,"href":"https:\/\/vagas.portalemprego.com.br\/index.php?rest_route=%2Fwp%2Fv2%2Fcategories&post=6451"},{"taxonomy":"post_tag","embeddable":true,"href":"https:\/\/vagas.portalemprego.com.br\/index.php?rest_route=%2Fwp%2Fv2%2Ftags&post=6451"}],"curies":[{"name":"wp","href":"https:\/\/api.w.org\/{rel}","templated":true}]}}