{"id":6454,"date":"2026-04-29T06:05:05","date_gmt":"2026-04-29T09:05:05","guid":{"rendered":"https:\/\/vagas.portalemprego.com.br\/?p=6454"},"modified":"2026-04-29T06:05:05","modified_gmt":"2026-04-29T09:05:05","slug":"instalador-de-cftv-seguranca-rio-de-janeiro","status":"publish","type":"post","link":"https:\/\/vagas.portalemprego.com.br\/?p=6454","title":{"rendered":"Instalador de CFTV &#8211; Seguran\u00e7a &#8211; Rio de Janeiro"},"content":{"rendered":"<p>Empresa do setor de seguran\u00e7a eletr\u00f4nica, est\u00e1 em busca de um Instalador de Sistema Eletr\u00f4nico de Seguran\u00e7a para se juntar \u00e0 nossa equipe din\u00e2mica e altamente qualificada. Se voc\u00ea \u00e9 apaixonado por tecnologia, possui habilidades t\u00e9cnicas excepcionais e deseja trabalhar em um ambiente estimulante, essa pode ser a oportunidade ideal para voc\u00ea.<\/p>\n<p>Responsabilidades<br \/>\nAtender chamados t\u00e9cnicos para instala\u00e7\u00e3o e manuten\u00e7\u00e3o de sistemas de seguran\u00e7a eletr\u00f4nica.<br \/>\nExecutar manuten\u00e7\u00f5es preventivas, realizando limpeza, testes funcionais, ajustes t\u00e9cnicos e identifica\u00e7\u00e3o de melhorias.<br \/>\nAtuar em manuten\u00e7\u00f5es corretivas, diagnosticando falhas, realizando corre\u00e7\u00f5es, remanejamento ou substitui\u00e7\u00e3o de equipamentos.<br \/>\nRealizar backup e extra\u00e7\u00e3o de imagens de sistemas de CFTV, quando solicitado.<br \/>\nInstalar sistemas de alarme e CFTV de pequeno porte em resid\u00eancias, com\u00e9rcios e portarias.<br \/>\nElaborar relat\u00f3rios e laudos t\u00e9cnicos, descrevendo falhas, solu\u00e7\u00f5es adotadas, necessidade de troca de equipamentos e prazo de execu\u00e7\u00e3o.<\/p>\n<p>Requisitos T\u00e9cnicos<br \/>\nExperi\u00eancia em instala\u00e7\u00e3o cabeada e sem fio de sistemas de CFTV anal\u00f3gico e IP (Intelbras).<br \/>\nExperi\u00eancia em instala\u00e7\u00e3o cabeada e sem fio de sistemas de alarme (Intelbras).<br \/>\nConhecimento em programa\u00e7\u00e3o de DVRs e centrais de alarme (Intelbras).<br \/>\nExperi\u00eancia em instala\u00e7\u00e3o e manuten\u00e7\u00e3o de:<br \/>\nPort\u00f5es eletr\u00f4nicos<br \/>\nControle de acesso facial e biom\u00e9trico<br \/>\nInterfonia<br \/>\nCatracas<br \/>\nCATV<br \/>\nConhecimento em redes, incluindo configura\u00e7\u00e3o de modems e roteadores.<\/p>\n<p>Hor\u00e1rio de trabalho<br \/>\n \u2022 Segunda a sexta-feira: 08h30 \u00e0s 17h30<br \/>\n \u2022 2 s\u00e1bados por m\u00eas: 08h00 \u00e0s 16h00<\/p>\n<p> Benef\u00edcios oferecidos:<br \/>\n ? Vale Alimenta\u00e7\u00e3o\/Refei\u00e7\u00e3o (DUO): R$ 36,08 por dia trabalhado<br \/>\n ? Plano de Sa\u00fade (subs\u00eddio de R$ 50,00 na mensalidade do titular)<br \/>\n ? Plano Odontol\u00f3gico (100% custeado pela empresa)<br \/>\n ? Conv\u00eanio Farm\u00e1cia \u2013 Drogarias Max<br \/>\n ? Conv\u00eanio Creditas (empr\u00e9stimos e solu\u00e7\u00f5es financeiras)<br \/>\n ? Gympass<br \/>\n ? Celular corporativo<\/p>\n<ul>\n<li>Local de trabalho: Rio de Janeiro, RJ<\/li>\n<li>Regime de contrata\u00e7\u00e3o de tipo: Efetivo \u2013 CLT<\/li>\n<li>Jornada: Per\u00edodo Integral<\/li>\n<li>\u00c1rea e especializa\u00e7\u00e3o profissional: Seguran\u00e7a &#8211; Rastreamento, Monitoramento<\/li>\n<li>N\u00edvel hier\u00e1rquico: Operacional<\/li>\n<\/ul>\n<p>VALORIZADO<\/p>\n<p>Tempo de experi\u00eancia: Entre 1 e 3 anos<\/p>\n<p>Escolaridade M\u00ednima: Ensino M\u00e9dio (2\u00ba Grau)<\/p>\n<p>Disponibilidade para viajar<\/p>\n<p>Sal\u00e1rio: 2600,0<\/p>\n","protected":false},"excerpt":{"rendered":"<p>Empresa do setor de seguran\u00e7a eletr\u00f4nica, est\u00e1 em busca de um Instalador de Sistema Eletr\u00f4nico de Seguran\u00e7a para se juntar \u00e0 nossa equipe din\u00e2mica e altamente qualificada. Se voc\u00ea \u00e9 apaixonado por tecnologia, possui habilidades t\u00e9cnicas excepcionais e deseja trabalhar em um ambiente estimulante, essa pode ser a oportunidade ideal para voc\u00ea. Responsabilidades Atender chamados [&hellip;]<\/p>\n","protected":false},"author":1,"featured_media":0,"comment_status":"open","ping_status":"open","sticky":false,"template":"","format":"standard","meta":{"footnotes":""},"categories":[21],"tags":[],"class_list":["post-6454","post","type-post","status-publish","format-standard","hentry","category-rio-de-janeiro-rj"],"_links":{"self":[{"href":"https:\/\/vagas.portalemprego.com.br\/index.php?rest_route=\/wp\/v2\/posts\/6454","targetHints":{"allow":["GET"]}}],"collection":[{"href":"https:\/\/vagas.portalemprego.com.br\/index.php?rest_route=\/wp\/v2\/posts"}],"about":[{"href":"https:\/\/vagas.portalemprego.com.br\/index.php?rest_route=\/wp\/v2\/types\/post"}],"author":[{"embeddable":true,"href":"https:\/\/vagas.portalemprego.com.br\/index.php?rest_route=\/wp\/v2\/users\/1"}],"replies":[{"embeddable":true,"href":"https:\/\/vagas.portalemprego.com.br\/index.php?rest_route=%2Fwp%2Fv2%2Fcomments&post=6454"}],"version-history":[{"count":0,"href":"https:\/\/vagas.portalemprego.com.br\/index.php?rest_route=\/wp\/v2\/posts\/6454\/revisions"}],"wp:attachment":[{"href":"https:\/\/vagas.portalemprego.com.br\/index.php?rest_route=%2Fwp%2Fv2%2Fmedia&parent=6454"}],"wp:term":[{"taxonomy":"category","embeddable":true,"href":"https:\/\/vagas.portalemprego.com.br\/index.php?rest_route=%2Fwp%2Fv2%2Fcategories&post=6454"},{"taxonomy":"post_tag","embeddable":true,"href":"https:\/\/vagas.portalemprego.com.br\/index.php?rest_route=%2Fwp%2Fv2%2Ftags&post=6454"}],"curies":[{"name":"wp","href":"https:\/\/api.w.org\/{rel}","templated":true}]}}