{"id":6457,"date":"2026-04-29T06:05:05","date_gmt":"2026-04-29T09:05:05","guid":{"rendered":"https:\/\/vagas.portalemprego.com.br\/?p=6457"},"modified":"2026-04-29T06:05:05","modified_gmt":"2026-04-29T09:05:05","slug":"lider-de-logistica-logistica-rio-de-janeiro-3","status":"publish","type":"post","link":"https:\/\/vagas.portalemprego.com.br\/?p=6457","title":{"rendered":"L\u00edder de Log\u00edstica &#8211; Log\u00edstica &#8211; Rio de Janeiro"},"content":{"rendered":"<p>L\u00edder de Log\u00edstica<\/p>\n<p>Estamos em busca de um profissional din\u00e2mico e experiente para assumir o papel de L\u00edder de Log\u00edstica em nossa empresa.<br \/>\nO candidato ideal ser\u00e1 respons\u00e1vel por gerenciar e otimizar todas as opera\u00e7\u00f5es log\u00edsticas, garantindo a efici\u00eancia e a efic\u00e1cia do fluxo de materiais e produtos.<\/p>\n<p>Voc\u00ea ser\u00e1 o ponto de contato principal para todas as quest\u00f5es relacionadas \u00e0 log\u00edstica, trabalhando em estreita colabora\u00e7\u00e3o com as equipes de produ\u00e7\u00e3o, vendas e transporte.<br \/>\nSua miss\u00e3o ser\u00e1 garantir que os produtos sejam entregues no prazo certo, no local certo e na quantidade certa, maximizando a satisfa\u00e7\u00e3o do cliente e minimizando os custos operacionais.<\/p>\n<p>Experi\u00eancia em gest\u00e3o de armaz\u00e9m, planejamento de transporte e coordena\u00e7\u00e3o de equipes \u00e9 essencial.<br \/>\nO candidato deve demonstrar habilidades de lideran\u00e7a, com uma forte capacidade de tomar decis\u00f5es estrat\u00e9gicas e resolver problemas complexos.<br \/>\nAl\u00e9m disso, uma compreens\u00e3o profunda das pr\u00e1ticas de log\u00edstica modernas e das tecnologias envolvidas \u00e9 fundamental.<\/p>\n<p>Voc\u00ea deve ter uma forma\u00e7\u00e3o superior em Log\u00edstica, Administra\u00e7\u00e3o ou \u00e1reas correlatas.<br \/>\nCertifica\u00e7\u00f5es adicionais em gest\u00e3o log\u00edstica s\u00e3o um diferencial.<br \/>\nConhecimento em softwares de gest\u00e3o log\u00edstica e experi\u00eancia com sistemas SAP s\u00e3o altamente valorizados.<\/p>\n<p>Se voc\u00ea \u00e9 um l\u00edder nato, com uma mentalidade orientada para resultados e uma paix\u00e3o por otimiza\u00e7\u00e3o log\u00edstica, esta oportunidade \u00e9 para voc\u00ea.<br \/>\nJunte-se \u00e0 nossa equipe e fa\u00e7a parte de um ambiente de trabalho inovador e desafiador, onde sua expertise far\u00e1 a diferen\u00e7a.<\/p>\n<p>Apoiamos o desenvolvimento profissional e oferecemos um ambiente de trabalho inclusivo e colaborativo.<br \/>\nVenha contribuir para o nosso sucesso e desbravar novos caminhos na log\u00edstica!<\/p>\n<ul>\n<li>Local de trabalho: Rio de Janeiro, RJ<\/li>\n<li>Regime de contrata\u00e7\u00e3o de tipo: Efetivo \u2013 CLT<\/li>\n<li>Jornada: Parcial tardes<\/li>\n<li>\u00c1rea e especializa\u00e7\u00e3o profissional: Log\u00edstica &#8211; Log\u00edstica<\/li>\n<li>N\u00edvel hier\u00e1rquico: Encarregado<\/li>\n<\/ul>\n<p>VALORIZADO<\/p>\n<p>Tempo de experi\u00eancia: Entre 1 e 3 anos<\/p>\n<p>Escolaridade M\u00ednima: Ensino Superior<\/p>\n<p>Forma\u00e7\u00e3o desejada:<\/p>\n<ul>\n<li>Log\u00edstica, Ensino Superior<\/li>\n<\/ul>\n<ul>\n<li>Vale Alimenta\u00e7\u00e3o<\/li>\n<li>Total Pass<\/li>\n<li>Convenio Odontol\u00f3gico<\/li>\n<li>Plano de Sa\u00fade<\/li>\n<li>Vale Transporte<\/li>\n<\/ul>\n<p>Sal\u00e1rio: 4180,0<\/p>\n","protected":false},"excerpt":{"rendered":"<p>L\u00edder de Log\u00edstica Estamos em busca de um profissional din\u00e2mico e experiente para assumir o papel de L\u00edder de Log\u00edstica em nossa empresa. O candidato ideal ser\u00e1 respons\u00e1vel por gerenciar e otimizar todas as opera\u00e7\u00f5es log\u00edsticas, garantindo a efici\u00eancia e a efic\u00e1cia do fluxo de materiais e produtos. Voc\u00ea ser\u00e1 o ponto de contato principal [&hellip;]<\/p>\n","protected":false},"author":1,"featured_media":0,"comment_status":"open","ping_status":"open","sticky":false,"template":"","format":"standard","meta":{"footnotes":""},"categories":[21],"tags":[],"class_list":["post-6457","post","type-post","status-publish","format-standard","hentry","category-rio-de-janeiro-rj"],"_links":{"self":[{"href":"https:\/\/vagas.portalemprego.com.br\/index.php?rest_route=\/wp\/v2\/posts\/6457","targetHints":{"allow":["GET"]}}],"collection":[{"href":"https:\/\/vagas.portalemprego.com.br\/index.php?rest_route=\/wp\/v2\/posts"}],"about":[{"href":"https:\/\/vagas.portalemprego.com.br\/index.php?rest_route=\/wp\/v2\/types\/post"}],"author":[{"embeddable":true,"href":"https:\/\/vagas.portalemprego.com.br\/index.php?rest_route=\/wp\/v2\/users\/1"}],"replies":[{"embeddable":true,"href":"https:\/\/vagas.portalemprego.com.br\/index.php?rest_route=%2Fwp%2Fv2%2Fcomments&post=6457"}],"version-history":[{"count":0,"href":"https:\/\/vagas.portalemprego.com.br\/index.php?rest_route=\/wp\/v2\/posts\/6457\/revisions"}],"wp:attachment":[{"href":"https:\/\/vagas.portalemprego.com.br\/index.php?rest_route=%2Fwp%2Fv2%2Fmedia&parent=6457"}],"wp:term":[{"taxonomy":"category","embeddable":true,"href":"https:\/\/vagas.portalemprego.com.br\/index.php?rest_route=%2Fwp%2Fv2%2Fcategories&post=6457"},{"taxonomy":"post_tag","embeddable":true,"href":"https:\/\/vagas.portalemprego.com.br\/index.php?rest_route=%2Fwp%2Fv2%2Ftags&post=6457"}],"curies":[{"name":"wp","href":"https:\/\/api.w.org\/{rel}","templated":true}]}}