{"id":6459,"date":"2026-04-29T06:05:05","date_gmt":"2026-04-29T09:05:05","guid":{"rendered":"https:\/\/vagas.portalemprego.com.br\/?p=6459"},"modified":"2026-04-29T06:05:05","modified_gmt":"2026-04-29T09:05:05","slug":"auxiliar-de-cozinha-alimentacao-gastronomia-rio-de-janeiro-44","status":"publish","type":"post","link":"https:\/\/vagas.portalemprego.com.br\/?p=6459","title":{"rendered":"Auxiliar de Cozinha &#8211; Alimenta\u00e7\u00e3o \/ Gastronomia &#8211; Rio de Janeiro"},"content":{"rendered":"<p>Hamburgueria artesanal contrata Auxiliar de Cozinha para sua equipe na unidade do Vogue Square (Barra da Tijuca)<\/p>\n<p>Pr\u00e9-requisitos:<br \/>\nF\u00e1cil acesso a Barra da Tijuca<br \/>\nDisponibilidade para turno da noite<br \/>\nExperi\u00eancia pr\u00e9via na fun\u00e7\u00e3o <\/p>\n<p>Vaga CLT<br \/>\nEscala 5&#215;2<br \/>\nSal\u00e1rio: R$1.428 + comiss\u00e3o com base nas metas batidas<br \/>\nBenef\u00edcios: Vale transporte e vale refei\u00e7\u00e3o<br \/>\nHor\u00e1rio: 18h as 02h<\/p>\n<ul>\n<li>Local de trabalho: Rio de Janeiro, RJ<\/li>\n<li>Regime de contrata\u00e7\u00e3o de tipo: Efetivo \u2013 CLT<\/li>\n<li>Jornada: Parcial noites<\/li>\n<li>\u00c1rea e especializa\u00e7\u00e3o profissional: Alimenta\u00e7\u00e3o \/ Gastronomia &#8211; Cozinha<\/li>\n<li>N\u00edvel hier\u00e1rquico: Auxiliar<\/li>\n<\/ul>\n<p>Escolaridade M\u00ednima: Ensino M\u00e9dio (2\u00ba Grau)<\/p>\n","protected":false},"excerpt":{"rendered":"<p>Hamburgueria artesanal contrata Auxiliar de Cozinha para sua equipe na unidade do Vogue Square (Barra da Tijuca) Pr\u00e9-requisitos: F\u00e1cil acesso a Barra da Tijuca Disponibilidade para turno da noite Experi\u00eancia pr\u00e9via na fun\u00e7\u00e3o Vaga CLT Escala 5&#215;2 Sal\u00e1rio: R$1.428 + comiss\u00e3o com base nas metas batidas Benef\u00edcios: Vale transporte e vale refei\u00e7\u00e3o Hor\u00e1rio: 18h as [&hellip;]<\/p>\n","protected":false},"author":1,"featured_media":0,"comment_status":"open","ping_status":"open","sticky":false,"template":"","format":"standard","meta":{"footnotes":""},"categories":[21],"tags":[],"class_list":["post-6459","post","type-post","status-publish","format-standard","hentry","category-rio-de-janeiro-rj"],"_links":{"self":[{"href":"https:\/\/vagas.portalemprego.com.br\/index.php?rest_route=\/wp\/v2\/posts\/6459","targetHints":{"allow":["GET"]}}],"collection":[{"href":"https:\/\/vagas.portalemprego.com.br\/index.php?rest_route=\/wp\/v2\/posts"}],"about":[{"href":"https:\/\/vagas.portalemprego.com.br\/index.php?rest_route=\/wp\/v2\/types\/post"}],"author":[{"embeddable":true,"href":"https:\/\/vagas.portalemprego.com.br\/index.php?rest_route=\/wp\/v2\/users\/1"}],"replies":[{"embeddable":true,"href":"https:\/\/vagas.portalemprego.com.br\/index.php?rest_route=%2Fwp%2Fv2%2Fcomments&post=6459"}],"version-history":[{"count":0,"href":"https:\/\/vagas.portalemprego.com.br\/index.php?rest_route=\/wp\/v2\/posts\/6459\/revisions"}],"wp:attachment":[{"href":"https:\/\/vagas.portalemprego.com.br\/index.php?rest_route=%2Fwp%2Fv2%2Fmedia&parent=6459"}],"wp:term":[{"taxonomy":"category","embeddable":true,"href":"https:\/\/vagas.portalemprego.com.br\/index.php?rest_route=%2Fwp%2Fv2%2Fcategories&post=6459"},{"taxonomy":"post_tag","embeddable":true,"href":"https:\/\/vagas.portalemprego.com.br\/index.php?rest_route=%2Fwp%2Fv2%2Ftags&post=6459"}],"curies":[{"name":"wp","href":"https:\/\/api.w.org\/{rel}","templated":true}]}}