{"id":6462,"date":"2026-04-29T06:05:05","date_gmt":"2026-04-29T09:05:05","guid":{"rendered":"https:\/\/vagas.portalemprego.com.br\/?p=6462"},"modified":"2026-04-29T06:05:05","modified_gmt":"2026-04-29T09:05:05","slug":"propagandista-na-area-da-saude-comercial-vendas-rio-de-janeiro","status":"publish","type":"post","link":"https:\/\/vagas.portalemprego.com.br\/?p=6462","title":{"rendered":"Propagandista na \u00c1rea da Sa\u00fade &#8211; Comercial, Vendas &#8211; Rio de Janeiro"},"content":{"rendered":"<p>Oportunidade de Carreira em Propaganda na \u00c1rea da Sa\u00fade<\/p>\n<p>Estamos em busca de um profissional din\u00e2mico e experiente para atuar como Propagandista na \u00c1rea da Sa\u00fade em nossa empresa, LUANDRE SERVI\u00c7OS TEMPOR\u00c1RIOS LTDA.<br \/>\n(C-I).<br \/>\nSe voc\u00ea tem um perfil compat\u00edvel com as demandas do mercado e busca um novo desafio profissional, esta \u00e9 a oportunidade ideal para voc\u00ea.<\/p>\n<p>O candidato ideal deve estar cursando Ensino Superior, com experi\u00eancia como representante comercial em vendas hospitalares.<br \/>\n\u00c9 essencial que possua CNH B ativa, pois a disponibilidade para viagens \u00e9 uma exig\u00eancia fundamental para o cargo.<br \/>\nExperi\u00eancia como propagandista de medicamentos ou produtos de sa\u00fade \u00e9 um diferencial, assim como a experi\u00eancia com treinamento.<\/p>\n<p>Se voc\u00ea est\u00e1 buscando uma oportunidade que combine suas habilidades e experi\u00eancia com um ambiente de trabalho desafiador e din\u00e2mico, candidate-se agora e fa\u00e7a parte de nossa equipe.<br \/>\nEstamos ansiosos para conhecer seu perfil e discutir como voc\u00ea pode contribuir para o nosso sucesso.<\/p>\n<p>Junte-se a n\u00f3s e fa\u00e7a a diferen\u00e7a na \u00e1rea da sa\u00fade!<\/p>\n<ul>\n<li>Local de trabalho: Rio de Janeiro, RJ<\/li>\n<li>Regime de contrata\u00e7\u00e3o de tipo: Efetivo \u2013 CLT<\/li>\n<li>Jornada: Parcial tardes<\/li>\n<li>\u00c1rea e especializa\u00e7\u00e3o profissional: Comercial, Vendas &#8211; Representa\u00e7\u00e3o Comercial<\/li>\n<li>N\u00edvel hier\u00e1rquico: Especialista<\/li>\n<\/ul>\n<p>VALORIZADO<\/p>\n<p>Tempo de experi\u00eancia: Entre 1 e 3 anos<\/p>\n<p>HABILIDADES<\/p>\n<ul>\n<li>Experi\u00eancia com treinamento ser\u00e1 um diferencial<\/li>\n<li>Experi\u00eancia como propagandista de medicamentos ou produtos de sa\u00fade ser\u00e3o diferenciais<\/li>\n<li>Disponibilidade para viagens<\/li>\n<li>CNH B ativa<\/li>\n<li>Experi\u00eancia como representante comercial em vendas hospitalares<\/li>\n<li>Ensino superior cursando<\/li>\n<\/ul>\n<p>Escolaridade M\u00ednima: Ensino Superior<\/p>\n<p>Habilita\u00e7\u00e3o para dirigir: B<\/p>\n<p>Disponibilidade para viajar<\/p>\n<ul>\n<li>Seguro de Vida<\/li>\n<li>bonifica\u00e7\u00e3o anual<\/li>\n<li>Assist\u00eancia m\u00e9dica<\/li>\n<li>carro da empresa<\/li>\n<li>Vale-transporte<\/li>\n<li>Vale-refei\u00e7\u00e3o<\/li>\n<\/ul>\n<p>Sal\u00e1rio: 5000,0<\/p>\n","protected":false},"excerpt":{"rendered":"<p>Oportunidade de Carreira em Propaganda na \u00c1rea da Sa\u00fade Estamos em busca de um profissional din\u00e2mico e experiente para atuar como Propagandista na \u00c1rea da Sa\u00fade em nossa empresa, LUANDRE SERVI\u00c7OS TEMPOR\u00c1RIOS LTDA. (C-I). Se voc\u00ea tem um perfil compat\u00edvel com as demandas do mercado e busca um novo desafio profissional, esta \u00e9 a oportunidade [&hellip;]<\/p>\n","protected":false},"author":1,"featured_media":0,"comment_status":"open","ping_status":"open","sticky":false,"template":"","format":"standard","meta":{"footnotes":""},"categories":[21],"tags":[],"class_list":["post-6462","post","type-post","status-publish","format-standard","hentry","category-rio-de-janeiro-rj"],"_links":{"self":[{"href":"https:\/\/vagas.portalemprego.com.br\/index.php?rest_route=\/wp\/v2\/posts\/6462","targetHints":{"allow":["GET"]}}],"collection":[{"href":"https:\/\/vagas.portalemprego.com.br\/index.php?rest_route=\/wp\/v2\/posts"}],"about":[{"href":"https:\/\/vagas.portalemprego.com.br\/index.php?rest_route=\/wp\/v2\/types\/post"}],"author":[{"embeddable":true,"href":"https:\/\/vagas.portalemprego.com.br\/index.php?rest_route=\/wp\/v2\/users\/1"}],"replies":[{"embeddable":true,"href":"https:\/\/vagas.portalemprego.com.br\/index.php?rest_route=%2Fwp%2Fv2%2Fcomments&post=6462"}],"version-history":[{"count":0,"href":"https:\/\/vagas.portalemprego.com.br\/index.php?rest_route=\/wp\/v2\/posts\/6462\/revisions"}],"wp:attachment":[{"href":"https:\/\/vagas.portalemprego.com.br\/index.php?rest_route=%2Fwp%2Fv2%2Fmedia&parent=6462"}],"wp:term":[{"taxonomy":"category","embeddable":true,"href":"https:\/\/vagas.portalemprego.com.br\/index.php?rest_route=%2Fwp%2Fv2%2Fcategories&post=6462"},{"taxonomy":"post_tag","embeddable":true,"href":"https:\/\/vagas.portalemprego.com.br\/index.php?rest_route=%2Fwp%2Fv2%2Ftags&post=6462"}],"curies":[{"name":"wp","href":"https:\/\/api.w.org\/{rel}","templated":true}]}}