{"id":6464,"date":"2026-04-29T06:06:06","date_gmt":"2026-04-29T09:06:06","guid":{"rendered":"https:\/\/vagas.portalemprego.com.br\/?p=6464"},"modified":"2026-04-29T06:06:06","modified_gmt":"2026-04-29T09:06:06","slug":"analista-de-recursos-humanos-recursos-humanos-seropedica","status":"publish","type":"post","link":"https:\/\/vagas.portalemprego.com.br\/?p=6464","title":{"rendered":"Analista de Recursos Humanos &#8211; Recursos Humanos &#8211; Serop\u00e9dica"},"content":{"rendered":"<p>A Talentos consultoria est\u00e1 com uma oportunidade de Analista de Recursos Humanos para atuar em um dos seus clientes:<\/p>\n<p>Atribui\u00e7\u00f5es do cargo:<\/p>\n<p>An\u00e1lises de Indicadores internos;<br \/>\nAdmiss\u00e3o;<br \/>\nA\u00e7\u00f5es motivacionais;<br \/>\nControle de Jornada;<br \/>\nGest\u00e3o de benef\u00edcios;<br \/>\nGest\u00e3o de desenvolvimento operacional e de lideran\u00e7a;<br \/>\nGest\u00e3o Parcial folha de pagamento;<br \/>\nT&amp;D;<br \/>\nPesquisa de Clima;<br \/>\nRecrutamento &amp; Sele\u00e7\u00e3o;<br \/>\nRotinas de desligamento;<\/p>\n<ul>\n<li>Local de trabalho: Serop\u00e9dica, RJ<\/li>\n<li>Regime de contrata\u00e7\u00e3o de tipo: Efetivo \u2013 CLT<\/li>\n<li>Jornada: Per\u00edodo Integral<\/li>\n<li>\u00c1rea e especializa\u00e7\u00e3o profissional: Recursos Humanos &#8211; Recursos Humanos (Generalista)<\/li>\n<li>N\u00edvel hier\u00e1rquico: Analista<\/li>\n<\/ul>\n<p>VALORIZADO<\/p>\n<p>Tempo de experi\u00eancia: Entre 1 e 3 anos<\/p>\n<p>HABILIDADES<\/p>\n<ul>\n<li>Anal\u00edtico<\/li>\n<li>Din\u00e2mico<\/li>\n<li>Estrat\u00e9gico<\/li>\n<li>Inovador<\/li>\n<li>persuasivo<\/li>\n<li>Resiliente<\/li>\n<\/ul>\n<p>Escolaridade M\u00ednima: Ensino Superior<\/p>\n<ul>\n<li>Plano de Carreira<\/li>\n<li>Plano de Sa\u00fade<\/li>\n<li>Conv\u00eanios<\/li>\n<li>Alimenta\u00e7\u00e3o<\/li>\n<li>Vale Transporte<\/li>\n<\/ul>\n","protected":false},"excerpt":{"rendered":"<p>A Talentos consultoria est\u00e1 com uma oportunidade de Analista de Recursos Humanos para atuar em um dos seus clientes: Atribui\u00e7\u00f5es do cargo: An\u00e1lises de Indicadores internos; Admiss\u00e3o; A\u00e7\u00f5es motivacionais; Controle de Jornada; Gest\u00e3o de benef\u00edcios; Gest\u00e3o de desenvolvimento operacional e de lideran\u00e7a; Gest\u00e3o Parcial folha de pagamento; T&amp;D; Pesquisa de Clima; Recrutamento &amp; Sele\u00e7\u00e3o; Rotinas [&hellip;]<\/p>\n","protected":false},"author":1,"featured_media":0,"comment_status":"open","ping_status":"open","sticky":false,"template":"","format":"standard","meta":{"footnotes":""},"categories":[21],"tags":[],"class_list":["post-6464","post","type-post","status-publish","format-standard","hentry","category-rio-de-janeiro-rj"],"_links":{"self":[{"href":"https:\/\/vagas.portalemprego.com.br\/index.php?rest_route=\/wp\/v2\/posts\/6464","targetHints":{"allow":["GET"]}}],"collection":[{"href":"https:\/\/vagas.portalemprego.com.br\/index.php?rest_route=\/wp\/v2\/posts"}],"about":[{"href":"https:\/\/vagas.portalemprego.com.br\/index.php?rest_route=\/wp\/v2\/types\/post"}],"author":[{"embeddable":true,"href":"https:\/\/vagas.portalemprego.com.br\/index.php?rest_route=\/wp\/v2\/users\/1"}],"replies":[{"embeddable":true,"href":"https:\/\/vagas.portalemprego.com.br\/index.php?rest_route=%2Fwp%2Fv2%2Fcomments&post=6464"}],"version-history":[{"count":0,"href":"https:\/\/vagas.portalemprego.com.br\/index.php?rest_route=\/wp\/v2\/posts\/6464\/revisions"}],"wp:attachment":[{"href":"https:\/\/vagas.portalemprego.com.br\/index.php?rest_route=%2Fwp%2Fv2%2Fmedia&parent=6464"}],"wp:term":[{"taxonomy":"category","embeddable":true,"href":"https:\/\/vagas.portalemprego.com.br\/index.php?rest_route=%2Fwp%2Fv2%2Fcategories&post=6464"},{"taxonomy":"post_tag","embeddable":true,"href":"https:\/\/vagas.portalemprego.com.br\/index.php?rest_route=%2Fwp%2Fv2%2Ftags&post=6464"}],"curies":[{"name":"wp","href":"https:\/\/api.w.org\/{rel}","templated":true}]}}