{"id":6470,"date":"2026-04-29T06:06:06","date_gmt":"2026-04-29T09:06:06","guid":{"rendered":"https:\/\/vagas.portalemprego.com.br\/?p=6470"},"modified":"2026-04-29T06:06:06","modified_gmt":"2026-04-29T09:06:06","slug":"auxiliar-administrativo-pcd-administracao-rio-de-janeiro-7","status":"publish","type":"post","link":"https:\/\/vagas.portalemprego.com.br\/?p=6470","title":{"rendered":"Auxiliar Administrativo (PCD) &#8211; Administra\u00e7\u00e3o &#8211; Rio de Janeiro"},"content":{"rendered":"<p>Vaga: Auxiliar Administrativo S\u00eanior III &#8211; PCD<br \/>\nDistribuidora de Material de Constru\u00e7\u00e3o | Bonsucesso &#8211; RJ<\/p>\n<p>Requisitos:<\/p>\n<p>Ensino m\u00e9dio completo ou superior em \u00e1reas administrativas<\/p>\n<p>Conhecimento intermedi\u00e1rio em Pacote Office<\/p>\n<p>Atividades:<\/p>\n<p>Apoiar representantes comerciais no dia a dia<\/p>\n<p>Auxiliar na libera\u00e7\u00e3o de pedidos e resolu\u00e7\u00e3o de problemas<\/p>\n<p>Acompanhar campanhas e promo\u00e7\u00f5es e repassar aos representantes<\/p>\n<p>Monitorar metas e manter comunica\u00e7\u00e3o constante com a equipe<\/p>\n<p>Perfil desejado:<\/p>\n<p>Proatividade<\/p>\n<p>Boa comunica\u00e7\u00e3o<\/p>\n<p>Empatia e escuta ativa<\/p>\n<p>Organiza\u00e7\u00e3o e resili\u00eancia<\/p>\n<p>Remunera\u00e7\u00e3o: R$ 1.957,00<br \/>\nHor\u00e1rio: Segunda a sexta, das 08h30 \u00e0s 18h18<br \/>\nLocal: Bonsucesso \u2013 RJ<\/p>\n<p>Benef\u00edcios:<\/p>\n<p>Plano de Sa\u00fade<\/p>\n<p>Vale Alimenta\u00e7\u00e3o (R$260,00)<\/p>\n<p>Refei\u00e7\u00e3o no local<\/p>\n<p>Vale Transporte ou Aux\u00edlio Combust\u00edvel<\/p>\n<p>Gin\u00e1stica laboral<\/p>\n<p>Conv\u00eanio com o SESC<\/p>\n<p>Conv\u00eanio com institui\u00e7\u00f5es de ensino<\/p>\n<ul>\n<li>Local de trabalho: Rio de Janeiro, RJ<\/li>\n<li>Regime de contrata\u00e7\u00e3o de tipo: Efetivo \u2013 CLT<\/li>\n<li>Jornada: Per\u00edodo Integral<\/li>\n<li>\u00c1rea e especializa\u00e7\u00e3o profissional: Administra\u00e7\u00e3o &#8211; Administra\u00e7\u00e3o Geral<\/li>\n<li>N\u00edvel hier\u00e1rquico: Auxiliar<\/li>\n<\/ul>\n<p>VALORIZADO<\/p>\n<p>Tempo de experi\u00eancia: Entre 1 e 3 anos<\/p>\n<p>Escolaridade M\u00ednima: Ensino M\u00e9dio (2\u00ba Grau)<\/p>\n<p>Sal\u00e1rio: 1958,0<\/p>\n","protected":false},"excerpt":{"rendered":"<p>Vaga: Auxiliar Administrativo S\u00eanior III &#8211; PCD Distribuidora de Material de Constru\u00e7\u00e3o | Bonsucesso &#8211; RJ Requisitos: Ensino m\u00e9dio completo ou superior em \u00e1reas administrativas Conhecimento intermedi\u00e1rio em Pacote Office Atividades: Apoiar representantes comerciais no dia a dia Auxiliar na libera\u00e7\u00e3o de pedidos e resolu\u00e7\u00e3o de problemas Acompanhar campanhas e promo\u00e7\u00f5es e repassar aos representantes [&hellip;]<\/p>\n","protected":false},"author":1,"featured_media":0,"comment_status":"open","ping_status":"open","sticky":false,"template":"","format":"standard","meta":{"footnotes":""},"categories":[21],"tags":[],"class_list":["post-6470","post","type-post","status-publish","format-standard","hentry","category-rio-de-janeiro-rj"],"_links":{"self":[{"href":"https:\/\/vagas.portalemprego.com.br\/index.php?rest_route=\/wp\/v2\/posts\/6470","targetHints":{"allow":["GET"]}}],"collection":[{"href":"https:\/\/vagas.portalemprego.com.br\/index.php?rest_route=\/wp\/v2\/posts"}],"about":[{"href":"https:\/\/vagas.portalemprego.com.br\/index.php?rest_route=\/wp\/v2\/types\/post"}],"author":[{"embeddable":true,"href":"https:\/\/vagas.portalemprego.com.br\/index.php?rest_route=\/wp\/v2\/users\/1"}],"replies":[{"embeddable":true,"href":"https:\/\/vagas.portalemprego.com.br\/index.php?rest_route=%2Fwp%2Fv2%2Fcomments&post=6470"}],"version-history":[{"count":0,"href":"https:\/\/vagas.portalemprego.com.br\/index.php?rest_route=\/wp\/v2\/posts\/6470\/revisions"}],"wp:attachment":[{"href":"https:\/\/vagas.portalemprego.com.br\/index.php?rest_route=%2Fwp%2Fv2%2Fmedia&parent=6470"}],"wp:term":[{"taxonomy":"category","embeddable":true,"href":"https:\/\/vagas.portalemprego.com.br\/index.php?rest_route=%2Fwp%2Fv2%2Fcategories&post=6470"},{"taxonomy":"post_tag","embeddable":true,"href":"https:\/\/vagas.portalemprego.com.br\/index.php?rest_route=%2Fwp%2Fv2%2Ftags&post=6470"}],"curies":[{"name":"wp","href":"https:\/\/api.w.org\/{rel}","templated":true}]}}