{"id":6473,"date":"2026-04-29T06:06:06","date_gmt":"2026-04-29T09:06:06","guid":{"rendered":"https:\/\/vagas.portalemprego.com.br\/?p=6473"},"modified":"2026-04-29T06:06:06","modified_gmt":"2026-04-29T09:06:06","slug":"coordenador-fiscal-contabil-financas-economia-rio-de-janeiro","status":"publish","type":"post","link":"https:\/\/vagas.portalemprego.com.br\/?p=6473","title":{"rendered":"Coordenador Fiscal &#8211; Cont\u00e1bil, Finan\u00e7as, Economia &#8211; Rio de Janeiro"},"content":{"rendered":"<p>Atividades:<br \/>\n\u2022 Coordenar a rotina da \u00e1rea fiscal, assegurando o<br \/>\ncumprimento das obriga\u00e7\u00f5es principais e acess\u00f3rias;<br \/>\n\u2022 Acompanhar e revisar apura\u00e7\u00e3o de tributos diretos e indiretos;<br \/>\n\u2022 Garantir a entrega das obriga\u00e7\u00f5es acess\u00f3rias;<br \/>\n\u2022 Orientar a equipe fiscal, distribuindo tarefas e promovendo o desenvolvimento t\u00e9cnico do time;<br \/>\n\u2022 Dar suporte as auditorias internas e externas, fiscaliza\u00e7\u00f5es e atendimentos \u00e0 Receita Federal e<br \/>\nSecretarias de Fazenda;<br \/>\n\u2022 Acompanhar mudan\u00e7as na legisla\u00e7\u00e3o tribut\u00e1ria e implementar as adequa\u00e7\u00f5es necess\u00e1rias.<\/p>\n<p>Requisitos:<br \/>\n\u2022 Experi\u00eancia m\u00ednima de 5 anos na \u00e1rea fiscal, com pelo menos 2 anos em posi\u00e7\u00e3o de lideran\u00e7a ou coordena\u00e7\u00e3o;<br \/>\n\u2022 Ensino superior em Ci\u00eancias Cont\u00e1beis;<br \/>\n\u2022 Excel intermedi\u00e1rio ou avan\u00e7ado;<br \/>\n\u2022 CRC ativo \u2013 obrigat\u00f3rio;<br \/>\n\u2022 Sistemas ERP (TOTVS, SAP, Dom\u00ednio).<\/p>\n<p>Vem ser um #IRKOLover<\/p>\n<ul>\n<li>Local de trabalho: Rio de Janeiro, RJ<\/li>\n<li>Regime de contrata\u00e7\u00e3o de tipo: Efetivo \u2013 CLT<\/li>\n<li>Jornada: Per\u00edodo Integral<\/li>\n<li>\u00c1rea e especializa\u00e7\u00e3o profissional: Cont\u00e1bil, Finan\u00e7as, Economia &#8211; Fiscal<\/li>\n<li>N\u00edvel hier\u00e1rquico: Coordenador<\/li>\n<\/ul>\n<p>Escolaridade M\u00ednima: Ensino Superior<\/p>\n<p>Forma\u00e7\u00e3o desejada:<\/p>\n<ul>\n<li>Ci\u00eancias cont\u00e1beis, Ensino Superior<\/li>\n<\/ul>\n","protected":false},"excerpt":{"rendered":"<p>Atividades: \u2022 Coordenar a rotina da \u00e1rea fiscal, assegurando o cumprimento das obriga\u00e7\u00f5es principais e acess\u00f3rias; \u2022 Acompanhar e revisar apura\u00e7\u00e3o de tributos diretos e indiretos; \u2022 Garantir a entrega das obriga\u00e7\u00f5es acess\u00f3rias; \u2022 Orientar a equipe fiscal, distribuindo tarefas e promovendo o desenvolvimento t\u00e9cnico do time; \u2022 Dar suporte as auditorias internas e externas, [&hellip;]<\/p>\n","protected":false},"author":1,"featured_media":0,"comment_status":"open","ping_status":"open","sticky":false,"template":"","format":"standard","meta":{"footnotes":""},"categories":[21],"tags":[],"class_list":["post-6473","post","type-post","status-publish","format-standard","hentry","category-rio-de-janeiro-rj"],"_links":{"self":[{"href":"https:\/\/vagas.portalemprego.com.br\/index.php?rest_route=\/wp\/v2\/posts\/6473","targetHints":{"allow":["GET"]}}],"collection":[{"href":"https:\/\/vagas.portalemprego.com.br\/index.php?rest_route=\/wp\/v2\/posts"}],"about":[{"href":"https:\/\/vagas.portalemprego.com.br\/index.php?rest_route=\/wp\/v2\/types\/post"}],"author":[{"embeddable":true,"href":"https:\/\/vagas.portalemprego.com.br\/index.php?rest_route=\/wp\/v2\/users\/1"}],"replies":[{"embeddable":true,"href":"https:\/\/vagas.portalemprego.com.br\/index.php?rest_route=%2Fwp%2Fv2%2Fcomments&post=6473"}],"version-history":[{"count":0,"href":"https:\/\/vagas.portalemprego.com.br\/index.php?rest_route=\/wp\/v2\/posts\/6473\/revisions"}],"wp:attachment":[{"href":"https:\/\/vagas.portalemprego.com.br\/index.php?rest_route=%2Fwp%2Fv2%2Fmedia&parent=6473"}],"wp:term":[{"taxonomy":"category","embeddable":true,"href":"https:\/\/vagas.portalemprego.com.br\/index.php?rest_route=%2Fwp%2Fv2%2Fcategories&post=6473"},{"taxonomy":"post_tag","embeddable":true,"href":"https:\/\/vagas.portalemprego.com.br\/index.php?rest_route=%2Fwp%2Fv2%2Ftags&post=6473"}],"curies":[{"name":"wp","href":"https:\/\/api.w.org\/{rel}","templated":true}]}}