{"id":6476,"date":"2026-04-29T06:06:06","date_gmt":"2026-04-29T09:06:06","guid":{"rendered":"https:\/\/vagas.portalemprego.com.br\/?p=6476"},"modified":"2026-04-29T06:06:06","modified_gmt":"2026-04-29T09:06:06","slug":"operador-de-producao-pcd-industrial-producao-fabrica-rio-de-janeiro-2","status":"publish","type":"post","link":"https:\/\/vagas.portalemprego.com.br\/?p=6476","title":{"rendered":"Operador de Produ\u00e7\u00e3o PCD &#8211; Industrial, Produ\u00e7\u00e3o, F\u00e1brica &#8211; Rio de Janeiro"},"content":{"rendered":"<p>Oportunidade para atuar em uma empresa consolidada do segmento de Industria.<br \/>\nSegue abaixo informa\u00e7\u00f5es da posi\u00e7\u00e3o:<\/p>\n<p>Tipo de Vaga: (informe aqui o tipo de contrato: Efetivo CLT;<br \/>\nHor\u00e1rio de Trabalho: Disponibilidade para o primeiro e segundo turno;<br \/>\nLocal de Trabalho: Guadalupe &#8211; RJ<br \/>\nModelo de Atua\u00e7\u00e3o: Presencial.<\/p>\n<p>O QUE VOC\u00ca IR\u00c1 FAZER:<br \/>\n\u2022 Efetuar a dosagem das mat\u00e9rias primas nas quantidades requeridas pelo cart\u00e3o de produ\u00e7\u00e3o;<br \/>\n\u2022 Zelar pela qualidade dos produtos seguindo as instru\u00e7\u00f5es de trabalho contidas no manual de qualidade e no manual de procedimentos;<br \/>\n\u2022  Zelar pela seguran\u00e7a e qualidade do ambiente de trabalho seguindo os procedimentos do manual de seguran\u00e7a do trabalho e meio ambiente;<br \/>\n\u2022  Lan\u00e7ar no sistema as confirma\u00e7\u00f5es de inicio das Process Orders (PO);<br \/>\n\u2022  Cumprir e fazer cumprir as normas de Seguran\u00e7a, Saude, Meio Ambiente, Qualidade e GMP.<\/p>\n<p>O QUE \u00c9 NECESS\u00c1RIO:<br \/>\n\u2022 Forma\u00e7\u00e3o: Ensino m\u00e9dio completo;<br \/>\n\u2022 Experi\u00eancia: na \u00e1rea industrial.<\/p>\n<p>Caso tenha interesse, disponibilidade e requisitos necess\u00e1rios, finalize sua candidatura!<br \/>\nO Grupo Soulan Recursos Humanos espera contribuir em breve com sua trajet\u00f3ria profissional.<\/p>\n<ul>\n<li>Local de trabalho: Rio de Janeiro, RJ<\/li>\n<li>Regime de contrata\u00e7\u00e3o de tipo: Efetivo \u2013 CLT<\/li>\n<li>Jornada: Per\u00edodo Integral<\/li>\n<li>\u00c1rea e especializa\u00e7\u00e3o profissional: Industrial, Produ\u00e7\u00e3o, F\u00e1brica &#8211; Produ\u00e7\u00e3o<\/li>\n<li>N\u00edvel hier\u00e1rquico: Operacional<\/li>\n<\/ul>\n<p>Escolaridade M\u00ednima: Ensino M\u00e9dio (2\u00ba Grau)<\/p>\n<ul>\n<li>Vale-transporte<\/li>\n<li>Refei\u00e7\u00e3o no local<\/li>\n<li>Aux\u00edlio farm\u00e1cia<\/li>\n<li>Assist\u00eancia m\u00e9dica<\/li>\n<li>Assist\u00eancia odontol\u00f3gica<\/li>\n<\/ul>\n","protected":false},"excerpt":{"rendered":"<p>Oportunidade para atuar em uma empresa consolidada do segmento de Industria. Segue abaixo informa\u00e7\u00f5es da posi\u00e7\u00e3o: Tipo de Vaga: (informe aqui o tipo de contrato: Efetivo CLT; Hor\u00e1rio de Trabalho: Disponibilidade para o primeiro e segundo turno; Local de Trabalho: Guadalupe &#8211; RJ Modelo de Atua\u00e7\u00e3o: Presencial. O QUE VOC\u00ca IR\u00c1 FAZER: \u2022 Efetuar a [&hellip;]<\/p>\n","protected":false},"author":1,"featured_media":0,"comment_status":"open","ping_status":"open","sticky":false,"template":"","format":"standard","meta":{"footnotes":""},"categories":[21],"tags":[],"class_list":["post-6476","post","type-post","status-publish","format-standard","hentry","category-rio-de-janeiro-rj"],"_links":{"self":[{"href":"https:\/\/vagas.portalemprego.com.br\/index.php?rest_route=\/wp\/v2\/posts\/6476","targetHints":{"allow":["GET"]}}],"collection":[{"href":"https:\/\/vagas.portalemprego.com.br\/index.php?rest_route=\/wp\/v2\/posts"}],"about":[{"href":"https:\/\/vagas.portalemprego.com.br\/index.php?rest_route=\/wp\/v2\/types\/post"}],"author":[{"embeddable":true,"href":"https:\/\/vagas.portalemprego.com.br\/index.php?rest_route=\/wp\/v2\/users\/1"}],"replies":[{"embeddable":true,"href":"https:\/\/vagas.portalemprego.com.br\/index.php?rest_route=%2Fwp%2Fv2%2Fcomments&post=6476"}],"version-history":[{"count":0,"href":"https:\/\/vagas.portalemprego.com.br\/index.php?rest_route=\/wp\/v2\/posts\/6476\/revisions"}],"wp:attachment":[{"href":"https:\/\/vagas.portalemprego.com.br\/index.php?rest_route=%2Fwp%2Fv2%2Fmedia&parent=6476"}],"wp:term":[{"taxonomy":"category","embeddable":true,"href":"https:\/\/vagas.portalemprego.com.br\/index.php?rest_route=%2Fwp%2Fv2%2Fcategories&post=6476"},{"taxonomy":"post_tag","embeddable":true,"href":"https:\/\/vagas.portalemprego.com.br\/index.php?rest_route=%2Fwp%2Fv2%2Ftags&post=6476"}],"curies":[{"name":"wp","href":"https:\/\/api.w.org\/{rel}","templated":true}]}}