{"id":6481,"date":"2026-04-29T06:07:07","date_gmt":"2026-04-29T09:07:07","guid":{"rendered":"https:\/\/vagas.portalemprego.com.br\/?p=6481"},"modified":"2026-04-29T06:07:07","modified_gmt":"2026-04-29T09:07:07","slug":"analista-de-infraestrutura-informatica-ti-telecomunicacoes-rio-de-janeiro","status":"publish","type":"post","link":"https:\/\/vagas.portalemprego.com.br\/?p=6481","title":{"rendered":"Analista de Infraestrutura &#8211; Inform\u00e1tica, TI, Telecomunica\u00e7\u00f5es &#8211; Rio de Janeiro"},"content":{"rendered":"<p>Estamos em busca de um(a) Analista de Infraestrutura para atuar na administra\u00e7\u00e3o e suporte de ambientes de TI, garantindo a estabilidade, seguran\u00e7a e desempenho da infraestrutura de tecnologia.<\/p>\n<p> Principais responsabilidades:<\/p>\n<p>&#8211; Gerenciar servidores, redes e sistemas operacionais.<br \/>\n&#8211; Administrar e monitorar Windows Server e ambientes virtualizados.<br \/>\n&#8211; Configurar e manter roteadores, switches e firewalls.<br \/>\n&#8211; Implementar e monitorar pol\u00edticas de seguran\u00e7a da informa\u00e7\u00e3o.<br \/>\n&#8211; Prestar suporte t\u00e9cnico para incidentes e problemas de infraestrutura.<br \/>\n&#8211; Executar rotinas de backup, recupera\u00e7\u00e3o e manuten\u00e7\u00e3o preventiva.<br \/>\n&#8211; Colaborar em projetos de melhoria cont\u00ednua e atualiza\u00e7\u00e3o tecnol\u00f3gica.<\/p>\n<p>Requisitos:<br \/>\n&#8211; Forma\u00e7\u00e3o em Tecnologia da Informa\u00e7\u00e3o, Ci\u00eancia da Computa\u00e7\u00e3o ou \u00e1reas correlatas.<br \/>\n&#8211;  Experi\u00eancia com administra\u00e7\u00e3o de redes e servidores.<br \/>\n&#8211; Conhecimento avan\u00e7ado em Windows Server.<br \/>\n&#8211;  Experi\u00eancia com configura\u00e7\u00e3o e manuten\u00e7\u00e3o de roteadores e switches.<br \/>\n&#8211; Dom\u00ednio de ferramentas de monitoramento e virtualiza\u00e7\u00e3o (VMware, Hyper-V).<br \/>\n&#8211;  Experi\u00eancia com ambientes em nuvem (AWS, Azure, GCP).<br \/>\n&#8211;  Desej\u00e1vel certifica\u00e7\u00f5es na \u00e1rea (Cisco, Microsoft, ITIL, etc.).<\/p>\n<ul>\n<li>Local de trabalho: Rio de Janeiro, RJ<\/li>\n<li>Regime de contrata\u00e7\u00e3o de tipo: Efetivo \u2013 CLT<\/li>\n<li>Jornada: Per\u00edodo Integral<\/li>\n<li>\u00c1rea e especializa\u00e7\u00e3o profissional: Inform\u00e1tica, TI, Telecomunica\u00e7\u00f5es &#8211; Infraestrutura<\/li>\n<li>N\u00edvel hier\u00e1rquico: Analista<\/li>\n<\/ul>\n<p>VALORIZADO<\/p>\n<p>Tempo de experi\u00eancia: Entre 3 e 5 anos<\/p>\n<p>HABILIDADES<\/p>\n<ul>\n<li>manuten\u00e7\u00e3o de switches<\/li>\n<li>manuten\u00e7\u00e3o de roteadores<\/li>\n<li>Windows Server<\/li>\n<\/ul>\n<p>Escolaridade M\u00ednima: Ensino Superior<\/p>\n<p>Forma\u00e7\u00e3o desejada:<\/p>\n<ul>\n<li>Tecnologia da Informa\u00e7\u00e3o, Ensino Superior<\/li>\n<\/ul>\n<ul>\n<li>Vale-alimenta\u00e7\u00e3o<\/li>\n<li>Vale-refei\u00e7\u00e3o<\/li>\n<li>Assist\u00eancia m\u00e9dica<\/li>\n<li>Assist\u00eancia odontol\u00f3gica<\/li>\n<li>SESC<\/li>\n<\/ul>\n<p>Sal\u00e1rio: 2700,0<\/p>\n","protected":false},"excerpt":{"rendered":"<p>Estamos em busca de um(a) Analista de Infraestrutura para atuar na administra\u00e7\u00e3o e suporte de ambientes de TI, garantindo a estabilidade, seguran\u00e7a e desempenho da infraestrutura de tecnologia. Principais responsabilidades: &#8211; Gerenciar servidores, redes e sistemas operacionais. &#8211; Administrar e monitorar Windows Server e ambientes virtualizados. &#8211; Configurar e manter roteadores, switches e firewalls. &#8211; [&hellip;]<\/p>\n","protected":false},"author":1,"featured_media":0,"comment_status":"open","ping_status":"open","sticky":false,"template":"","format":"standard","meta":{"footnotes":""},"categories":[21],"tags":[],"class_list":["post-6481","post","type-post","status-publish","format-standard","hentry","category-rio-de-janeiro-rj"],"_links":{"self":[{"href":"https:\/\/vagas.portalemprego.com.br\/index.php?rest_route=\/wp\/v2\/posts\/6481","targetHints":{"allow":["GET"]}}],"collection":[{"href":"https:\/\/vagas.portalemprego.com.br\/index.php?rest_route=\/wp\/v2\/posts"}],"about":[{"href":"https:\/\/vagas.portalemprego.com.br\/index.php?rest_route=\/wp\/v2\/types\/post"}],"author":[{"embeddable":true,"href":"https:\/\/vagas.portalemprego.com.br\/index.php?rest_route=\/wp\/v2\/users\/1"}],"replies":[{"embeddable":true,"href":"https:\/\/vagas.portalemprego.com.br\/index.php?rest_route=%2Fwp%2Fv2%2Fcomments&post=6481"}],"version-history":[{"count":0,"href":"https:\/\/vagas.portalemprego.com.br\/index.php?rest_route=\/wp\/v2\/posts\/6481\/revisions"}],"wp:attachment":[{"href":"https:\/\/vagas.portalemprego.com.br\/index.php?rest_route=%2Fwp%2Fv2%2Fmedia&parent=6481"}],"wp:term":[{"taxonomy":"category","embeddable":true,"href":"https:\/\/vagas.portalemprego.com.br\/index.php?rest_route=%2Fwp%2Fv2%2Fcategories&post=6481"},{"taxonomy":"post_tag","embeddable":true,"href":"https:\/\/vagas.portalemprego.com.br\/index.php?rest_route=%2Fwp%2Fv2%2Ftags&post=6481"}],"curies":[{"name":"wp","href":"https:\/\/api.w.org\/{rel}","templated":true}]}}