{"id":6482,"date":"2026-04-29T06:07:07","date_gmt":"2026-04-29T09:07:07","guid":{"rendered":"https:\/\/vagas.portalemprego.com.br\/?p=6482"},"modified":"2026-04-29T06:07:07","modified_gmt":"2026-04-29T09:07:07","slug":"auxiliar-de-marketing-digital-e-e-commerce-marketing-rio-de-janeiro","status":"publish","type":"post","link":"https:\/\/vagas.portalemprego.com.br\/?p=6482","title":{"rendered":"Auxiliar de Marketing Digital e E-commerce &#8211; Marketing &#8211; Rio de Janeiro"},"content":{"rendered":"<p>??? Vaga: Auxiliar de Marketing Digital e E-commerce<br \/>\nLocal: Bangu<br \/>\nTipo de vaga: CLT<br \/>\nCarga hor\u00e1ria: Segunda a quinta &#8211; 8 hrs as 18 hrs e Sexta &#8211; 8 hrs as 17 hrs.<\/p>\n<p>? Sobre a empresa:<br \/>\nSomos uma marca apaixonada por velas artesanais, insumos e produtos que despertam bem-estar. Nosso time \u00e9 criativo, \u00e1gil e busca levar beleza e significado aos nossos clientes \u2014 tanto na experi\u00eancia de compra quanto no conte\u00fado digital.<\/p>\n<p>??? Atividades:<br \/>\nRealizar lives e participar da cria\u00e7\u00e3o de conte\u00fado em v\u00eddeo para redes sociais e lan\u00e7amentos;<\/p>\n<p>Fotografar produtos (ambiente, flat lay, e-commerce) com foco est\u00e9tico e comercial;<\/p>\n<p>Cadastrar e atualizar produtos no site com fotos, descri\u00e7\u00f5es e varia\u00e7\u00f5es;<\/p>\n<p>Planejar e publicar conte\u00fados nas redes sociais (Instagram, Facebook, YouTube Tube TikTok, Pinterest);<\/p>\n<p>Responder coment\u00e1rios, directs e interagir com a comunidade;<\/p>\n<p>Auxiliar em campanhas promocionais, lan\u00e7amentos e a\u00e7\u00f5es com influenciadores;<\/p>\n<p>Monitorar resultados dos parceiros de marketing ( professores)<\/p>\n<p>?? Requisitos:<br \/>\nConhecimento b\u00e1sico de fotografia e edi\u00e7\u00e3o (Celular + apps como Lightroom, Canva, CapCut, etc.);<\/p>\n<p>Familiaridade com Instagram, Face, TikTok e YouTube Tube.<\/p>\n<p>Boa comunica\u00e7\u00e3o escrita e oral;<\/p>\n<p>Proatividade e organiza\u00e7\u00e3o.<\/p>\n<p>?? Diferenciais:<br \/>\nTer experi\u00eancia com lives\/v\u00eddeos;<\/p>\n<p>Gostar do universo de velas, est\u00e9tica, bem-estar e produtos artesanais;<\/p>\n<p>J\u00e1 ter trabalhado com e-commerce ou pequenas marcas.<\/p>\n<p>?? Remunera\u00e7\u00e3o:<br \/>\nR$ 1.600.00 + VT<\/p>\n<ul>\n<li>Local de trabalho: Rio de Janeiro, RJ<\/li>\n<li>Regime de contrata\u00e7\u00e3o de tipo: Efetivo \u2013 CLT<\/li>\n<li>Jornada: Per\u00edodo Integral<\/li>\n<li>\u00c1rea e especializa\u00e7\u00e3o profissional: Marketing &#8211; Marketing<\/li>\n<li>N\u00edvel hier\u00e1rquico: Auxiliar<\/li>\n<\/ul>\n<p>VALORIZADO<\/p>\n<p>Tempo de experi\u00eancia: Menos de 1 ano<\/p>\n<p>Escolaridade M\u00ednima: Ensino M\u00e9dio (2\u00ba Grau)<\/p>\n","protected":false},"excerpt":{"rendered":"<p>??? Vaga: Auxiliar de Marketing Digital e E-commerce Local: Bangu Tipo de vaga: CLT Carga hor\u00e1ria: Segunda a quinta &#8211; 8 hrs as 18 hrs e Sexta &#8211; 8 hrs as 17 hrs. ? Sobre a empresa: Somos uma marca apaixonada por velas artesanais, insumos e produtos que despertam bem-estar. Nosso time \u00e9 criativo, \u00e1gil [&hellip;]<\/p>\n","protected":false},"author":1,"featured_media":0,"comment_status":"open","ping_status":"open","sticky":false,"template":"","format":"standard","meta":{"footnotes":""},"categories":[21],"tags":[],"class_list":["post-6482","post","type-post","status-publish","format-standard","hentry","category-rio-de-janeiro-rj"],"_links":{"self":[{"href":"https:\/\/vagas.portalemprego.com.br\/index.php?rest_route=\/wp\/v2\/posts\/6482","targetHints":{"allow":["GET"]}}],"collection":[{"href":"https:\/\/vagas.portalemprego.com.br\/index.php?rest_route=\/wp\/v2\/posts"}],"about":[{"href":"https:\/\/vagas.portalemprego.com.br\/index.php?rest_route=\/wp\/v2\/types\/post"}],"author":[{"embeddable":true,"href":"https:\/\/vagas.portalemprego.com.br\/index.php?rest_route=\/wp\/v2\/users\/1"}],"replies":[{"embeddable":true,"href":"https:\/\/vagas.portalemprego.com.br\/index.php?rest_route=%2Fwp%2Fv2%2Fcomments&post=6482"}],"version-history":[{"count":0,"href":"https:\/\/vagas.portalemprego.com.br\/index.php?rest_route=\/wp\/v2\/posts\/6482\/revisions"}],"wp:attachment":[{"href":"https:\/\/vagas.portalemprego.com.br\/index.php?rest_route=%2Fwp%2Fv2%2Fmedia&parent=6482"}],"wp:term":[{"taxonomy":"category","embeddable":true,"href":"https:\/\/vagas.portalemprego.com.br\/index.php?rest_route=%2Fwp%2Fv2%2Fcategories&post=6482"},{"taxonomy":"post_tag","embeddable":true,"href":"https:\/\/vagas.portalemprego.com.br\/index.php?rest_route=%2Fwp%2Fv2%2Ftags&post=6482"}],"curies":[{"name":"wp","href":"https:\/\/api.w.org\/{rel}","templated":true}]}}