{"id":6483,"date":"2026-04-29T06:07:07","date_gmt":"2026-04-29T09:07:07","guid":{"rendered":"https:\/\/vagas.portalemprego.com.br\/?p=6483"},"modified":"2026-04-29T06:07:07","modified_gmt":"2026-04-29T09:07:07","slug":"vigilante-seguranca-rio-de-janeiro-7","status":"publish","type":"post","link":"https:\/\/vagas.portalemprego.com.br\/?p=6483","title":{"rendered":"Vigilante &#8211; Seguran\u00e7a &#8211; Rio de Janeiro"},"content":{"rendered":"<p>Cargo: Vigilante<br \/>\nLocal: Casa Europa &#8211; Av. Pres. Ant\u00f4nio Carlos, 58 &#8211; Centro, Rio de Janeiro &#8211; RJ, 20020-010<br \/>\nEscala e hor\u00e1rio: 5X2 07h00 \u00e0s 19h00<br \/>\nSal\u00e1rio: 1.919,01 + Periculosidade 30%<br \/>\nBenef\u00edcios: Assist\u00eancia Odontol\u00f3gica; Cesta B\u00e1sica; Seguro de Vida; Vale refei\u00e7\u00e3o, Vale transporte.<\/p>\n<p>OBS: Falar franc\u00eas fluente<\/p>\n<ul>\n<li>Local de trabalho: Rio de Janeiro, RJ<\/li>\n<li>Regime de contrata\u00e7\u00e3o de tipo: Efetivo \u2013 CLT<\/li>\n<li>Jornada: Per\u00edodo Integral<\/li>\n<li>\u00c1rea e especializa\u00e7\u00e3o profissional: Seguran\u00e7a &#8211; Vigil\u00e2ncia<\/li>\n<li>N\u00edvel hier\u00e1rquico: Operacional<\/li>\n<\/ul>\n<p>Escolaridade M\u00ednima: Ensino M\u00e9dio (2\u00ba Grau)<\/p>\n","protected":false},"excerpt":{"rendered":"<p>Cargo: Vigilante Local: Casa Europa &#8211; Av. Pres. Ant\u00f4nio Carlos, 58 &#8211; Centro, Rio de Janeiro &#8211; RJ, 20020-010 Escala e hor\u00e1rio: 5X2 07h00 \u00e0s 19h00 Sal\u00e1rio: 1.919,01 + Periculosidade 30% Benef\u00edcios: Assist\u00eancia Odontol\u00f3gica; Cesta B\u00e1sica; Seguro de Vida; Vale refei\u00e7\u00e3o, Vale transporte. OBS: Falar franc\u00eas fluente Local de trabalho: Rio de Janeiro, RJ Regime [&hellip;]<\/p>\n","protected":false},"author":1,"featured_media":0,"comment_status":"open","ping_status":"open","sticky":false,"template":"","format":"standard","meta":{"footnotes":""},"categories":[21],"tags":[],"class_list":["post-6483","post","type-post","status-publish","format-standard","hentry","category-rio-de-janeiro-rj"],"_links":{"self":[{"href":"https:\/\/vagas.portalemprego.com.br\/index.php?rest_route=\/wp\/v2\/posts\/6483","targetHints":{"allow":["GET"]}}],"collection":[{"href":"https:\/\/vagas.portalemprego.com.br\/index.php?rest_route=\/wp\/v2\/posts"}],"about":[{"href":"https:\/\/vagas.portalemprego.com.br\/index.php?rest_route=\/wp\/v2\/types\/post"}],"author":[{"embeddable":true,"href":"https:\/\/vagas.portalemprego.com.br\/index.php?rest_route=\/wp\/v2\/users\/1"}],"replies":[{"embeddable":true,"href":"https:\/\/vagas.portalemprego.com.br\/index.php?rest_route=%2Fwp%2Fv2%2Fcomments&post=6483"}],"version-history":[{"count":0,"href":"https:\/\/vagas.portalemprego.com.br\/index.php?rest_route=\/wp\/v2\/posts\/6483\/revisions"}],"wp:attachment":[{"href":"https:\/\/vagas.portalemprego.com.br\/index.php?rest_route=%2Fwp%2Fv2%2Fmedia&parent=6483"}],"wp:term":[{"taxonomy":"category","embeddable":true,"href":"https:\/\/vagas.portalemprego.com.br\/index.php?rest_route=%2Fwp%2Fv2%2Fcategories&post=6483"},{"taxonomy":"post_tag","embeddable":true,"href":"https:\/\/vagas.portalemprego.com.br\/index.php?rest_route=%2Fwp%2Fv2%2Ftags&post=6483"}],"curies":[{"name":"wp","href":"https:\/\/api.w.org\/{rel}","templated":true}]}}