{"id":6484,"date":"2026-04-29T06:07:07","date_gmt":"2026-04-29T09:07:07","guid":{"rendered":"https:\/\/vagas.portalemprego.com.br\/?p=6484"},"modified":"2026-04-29T06:07:07","modified_gmt":"2026-04-29T09:07:07","slug":"analista-ambiental-meio-ambiente-ecologia-rio-de-janeiro","status":"publish","type":"post","link":"https:\/\/vagas.portalemprego.com.br\/?p=6484","title":{"rendered":"Analista Ambiental &#8211; Meio Ambiente, Ecologia &#8211; Rio de Janeiro"},"content":{"rendered":"<p>Atuar em \u00e1rea hospitalar com suporte t\u00e9cnico, realizando inspe\u00e7\u00f5es, emitindo relat\u00f3rios, elaborando diagn\u00f3sticos e promovendo a\u00e7\u00f5es educativas, preventivas e corretivas relacionadas ao Meio Ambiente. Contribuir para o cumprimento das legisla\u00e7\u00f5es vigentes e para o alcance das metas de sustentabilidade da Institui\u00e7\u00e3o.<br \/>\nPrincipais Atividades:<br \/>\nElaborar, acompanhar e manter o Programa de Gest\u00e3o Ambiental, garantindo sua atualiza\u00e7\u00e3o cont\u00ednua.<br \/>\nAssessorar a Institui\u00e7\u00e3o quanto ao atendimento dos requisitos legais ambientais, orientando sobre adequa\u00e7\u00f5es necess\u00e1rias.<br \/>\nApoiar os processos de obten\u00e7\u00e3o, renova\u00e7\u00e3o e cancelamento de licen\u00e7as ambientais, junto aos \u00f3rg\u00e3os competentes (federais, estaduais e municipais).<br \/>\nRealizar inspe\u00e7\u00f5es em todas as \u00e1reas do hospital, observando condi\u00e7\u00f5es estruturais e operacionais, identificando aspectos e impactos ambientais, e contribuindo para a elabora\u00e7\u00e3o de fluxos e processos que visem \u00e0 elimina\u00e7\u00e3o ou mitiga\u00e7\u00e3o dos riscos ambientais.<br \/>\nElaborar, acompanhar e manter o Programa de Gerenciamento de Res\u00edduos conforme regulamenta\u00e7\u00f5es aplic\u00e1veis.<br \/>\nOrganizar e conduzir reuni\u00f5es da Comiss\u00e3o de Gerenciamento de Res\u00edduos, garantindo o cumprimento das diretrizes.<br \/>\nEmitir mensalmente os indicadores de qualidade e sustentabilidade, como gest\u00e3o de res\u00edduos, consumo de \u00e1gua e energia e enviar aos \u00f3rg\u00e3os competentes.<br \/>\nRealizar visitas t\u00e9cnicas \u00e0s empresas prestadoras de servi\u00e7o, emitindo checklists e relat\u00f3rios para valida\u00e7\u00e3o da Ger\u00eancia.<br \/>\nMinistrar treinamentos e participar das integra\u00e7\u00f5es, instruindo colaboradores (novos e efetivos) sobre o Plano de Gerenciamento de Res\u00edduos de Servi\u00e7os de Sa\u00fade e demais temas relacionados \u00e0 preven\u00e7\u00e3o de impactos ambientais.<br \/>\nAcompanhar visitas e responder \u00e0s solicita\u00e7\u00f5es da Vigil\u00e2ncia Sanit\u00e1ria e demais \u00f3rg\u00e3os fiscalizadores, assegurando conformidade e exig\u00eancias.<br \/>\nOrganizar e manter atualizados os arquivos f\u00edsicos e eletr\u00f4nicos, facilitando a consulta e garantindo a rastreabilidade das informa\u00e7\u00f5es.<br \/>\nEscolaridade: Ensino Superior completo em Gest\u00e3o Ambiental ou Ci\u00eancias Biol\u00f3gica;<br \/>\nHor\u00e1rio de Expediente: De segunda a sexta-feira com 1h de intervalo.<\/p>\n<ul>\n<li>Local de trabalho: Rio de Janeiro, RJ<\/li>\n<li>Regime de contrata\u00e7\u00e3o de tipo: Efetivo \u2013 CLT<\/li>\n<li>Jornada: Per\u00edodo Integral<\/li>\n<li>\u00c1rea e especializa\u00e7\u00e3o profissional: Meio Ambiente, Ecologia &#8211; Sustentabilidade<\/li>\n<li>N\u00edvel hier\u00e1rquico: Analista<\/li>\n<\/ul>\n<p>Escolaridade M\u00ednima: Ensino Superior<\/p>\n","protected":false},"excerpt":{"rendered":"<p>Atuar em \u00e1rea hospitalar com suporte t\u00e9cnico, realizando inspe\u00e7\u00f5es, emitindo relat\u00f3rios, elaborando diagn\u00f3sticos e promovendo a\u00e7\u00f5es educativas, preventivas e corretivas relacionadas ao Meio Ambiente. Contribuir para o cumprimento das legisla\u00e7\u00f5es vigentes e para o alcance das metas de sustentabilidade da Institui\u00e7\u00e3o. Principais Atividades: Elaborar, acompanhar e manter o Programa de Gest\u00e3o Ambiental, garantindo sua atualiza\u00e7\u00e3o [&hellip;]<\/p>\n","protected":false},"author":1,"featured_media":0,"comment_status":"open","ping_status":"open","sticky":false,"template":"","format":"standard","meta":{"footnotes":""},"categories":[21],"tags":[],"class_list":["post-6484","post","type-post","status-publish","format-standard","hentry","category-rio-de-janeiro-rj"],"_links":{"self":[{"href":"https:\/\/vagas.portalemprego.com.br\/index.php?rest_route=\/wp\/v2\/posts\/6484","targetHints":{"allow":["GET"]}}],"collection":[{"href":"https:\/\/vagas.portalemprego.com.br\/index.php?rest_route=\/wp\/v2\/posts"}],"about":[{"href":"https:\/\/vagas.portalemprego.com.br\/index.php?rest_route=\/wp\/v2\/types\/post"}],"author":[{"embeddable":true,"href":"https:\/\/vagas.portalemprego.com.br\/index.php?rest_route=\/wp\/v2\/users\/1"}],"replies":[{"embeddable":true,"href":"https:\/\/vagas.portalemprego.com.br\/index.php?rest_route=%2Fwp%2Fv2%2Fcomments&post=6484"}],"version-history":[{"count":0,"href":"https:\/\/vagas.portalemprego.com.br\/index.php?rest_route=\/wp\/v2\/posts\/6484\/revisions"}],"wp:attachment":[{"href":"https:\/\/vagas.portalemprego.com.br\/index.php?rest_route=%2Fwp%2Fv2%2Fmedia&parent=6484"}],"wp:term":[{"taxonomy":"category","embeddable":true,"href":"https:\/\/vagas.portalemprego.com.br\/index.php?rest_route=%2Fwp%2Fv2%2Fcategories&post=6484"},{"taxonomy":"post_tag","embeddable":true,"href":"https:\/\/vagas.portalemprego.com.br\/index.php?rest_route=%2Fwp%2Fv2%2Ftags&post=6484"}],"curies":[{"name":"wp","href":"https:\/\/api.w.org\/{rel}","templated":true}]}}