{"id":6491,"date":"2026-04-29T06:07:07","date_gmt":"2026-04-29T09:07:07","guid":{"rendered":"https:\/\/vagas.portalemprego.com.br\/?p=6491"},"modified":"2026-04-29T06:07:07","modified_gmt":"2026-04-29T09:07:07","slug":"vendedor-interno-petropolis-rj-1265-comercial-vendas-rio-de-janeiro","status":"publish","type":"post","link":"https:\/\/vagas.portalemprego.com.br\/?p=6491","title":{"rendered":"Vendedor Interno &#8211; Petr\u00f3polis\/RJ #1265 &#8211; Comercial, Vendas &#8211; Rio de Janeiro"},"content":{"rendered":"<p>Nosso cliente busca:<\/p>\n<p>Vendedor(a) Interno(a)<br \/>\nRegime: Efetivo (CLT)<br \/>\nSal\u00e1rio: Fixo + Comiss\u00f5es + Vale Transporte<\/p>\n<p>Principais Atividades:<\/p>\n<p>&#8211; Vendas internas de servi\u00e7os de sa\u00fade.<br \/>\n&#8211; Atendimento ativo e receptivo (telefone, WhatsApp, e-mail, presencial).<br \/>\n&#8211; Prospec\u00e7\u00e3o e reativa\u00e7\u00e3o de clientes.<br \/>\n&#8211; Negocia\u00e7\u00e3o e fechamento de vendas.<br \/>\n&#8211; Atualiza\u00e7\u00e3o de CRM e acompanhamento de funil de vendas.<br \/>\n&#8211; Suporte p\u00f3s-venda e fideliza\u00e7\u00e3o.<br \/>\n&#8211; Elabora\u00e7\u00e3o de relat\u00f3rios e acompanhamento de metas.<\/p>\n<p>Requisitos Essenciais:<\/p>\n<p>&#8211; Experi\u00eancia m\u00ednima de 1 ano em vendas internas (preferencialmente em servi\u00e7os).<br \/>\n&#8211; Ensino M\u00e9dio completo.<br \/>\n&#8211; Conhecimento b\u00e1sico em Pacote Office.<br \/>\n&#8211; Facilidade com sistemas de CRM e ferramentas digitais.<br \/>\n&#8211; Boa comunica\u00e7\u00e3o verbal e escrita.<br \/>\n&#8211; Organiza\u00e7\u00e3o e disciplina.<\/p>\n<p>Diferenciais:<\/p>\n<p>&#8211; Experi\u00eancia em vendas de servi\u00e7os de sa\u00fade.<br \/>\n&#8211; Cursos complementares em vendas\/atendimento\/negocia\u00e7\u00e3o.<br \/>\n&#8211; Conhecimento b\u00e1sico sobre procedimentos m\u00e9dicos.<br \/>\n&#8211; Viv\u00eancia com metas e indicadores de desempenho.<br \/>\n&#8211; Experi\u00eancia com sistemas de agendamento\/gest\u00e3o de cl\u00ednicas.<br \/>\n&#8211; Cursos t\u00e9cnicos ou gradua\u00e7\u00e3o em \u00e1reas correlatas.<\/p>\n<p>Compet\u00eancias Comportamentais:<\/p>\n<p>&#8211; Proatividade e iniciativa.<br \/>\n&#8211; Empatia e escuta ativa.<br \/>\n&#8211; Foco em resultados e metas.<br \/>\n&#8211; Organiza\u00e7\u00e3o e aten\u00e7\u00e3o aos detalhes.<br \/>\n&#8211; Facilidade de relacionamento interpessoal.<br \/>\n&#8211; Resili\u00eancia.<\/p>\n<ul>\n<li>Local de trabalho: Rio de Janeiro, RJ<\/li>\n<li>Regime de contrata\u00e7\u00e3o de tipo: Efetivo \u2013 CLT<\/li>\n<li>Jornada: Per\u00edodo Integral<\/li>\n<li>\u00c1rea e especializa\u00e7\u00e3o profissional: Comercial, Vendas &#8211; Venda Interna<\/li>\n<li>N\u00edvel hier\u00e1rquico: Consultor<\/li>\n<\/ul>\n<p>VALORIZADO<\/p>\n<p>Tempo de experi\u00eancia: Entre 1 e 3 anos<\/p>\n<p>HABILIDADES<\/p>\n<ul>\n<li>&#8211; Proatividade e iniciativa. &#8211; Empatia e escuta ativa. &#8211; Foco em resultados e metas. &#8211; Organiza\u00e7\u00e3o e aten\u00e7\u00e3o aos detalhes. &#8211; Facilidade de relacionamento interpessoal. &#8211; Resili\u00eancia.<\/li>\n<\/ul>\n<p>Escolaridade M\u00ednima: Ensino M\u00e9dio (2\u00ba Grau)<\/p>\n","protected":false},"excerpt":{"rendered":"<p>Nosso cliente busca: Vendedor(a) Interno(a) Regime: Efetivo (CLT) Sal\u00e1rio: Fixo + Comiss\u00f5es + Vale Transporte Principais Atividades: &#8211; Vendas internas de servi\u00e7os de sa\u00fade. &#8211; Atendimento ativo e receptivo (telefone, WhatsApp, e-mail, presencial). &#8211; Prospec\u00e7\u00e3o e reativa\u00e7\u00e3o de clientes. &#8211; Negocia\u00e7\u00e3o e fechamento de vendas. &#8211; Atualiza\u00e7\u00e3o de CRM e acompanhamento de funil de vendas. [&hellip;]<\/p>\n","protected":false},"author":1,"featured_media":0,"comment_status":"open","ping_status":"open","sticky":false,"template":"","format":"standard","meta":{"footnotes":""},"categories":[21],"tags":[],"class_list":["post-6491","post","type-post","status-publish","format-standard","hentry","category-rio-de-janeiro-rj"],"_links":{"self":[{"href":"https:\/\/vagas.portalemprego.com.br\/index.php?rest_route=\/wp\/v2\/posts\/6491","targetHints":{"allow":["GET"]}}],"collection":[{"href":"https:\/\/vagas.portalemprego.com.br\/index.php?rest_route=\/wp\/v2\/posts"}],"about":[{"href":"https:\/\/vagas.portalemprego.com.br\/index.php?rest_route=\/wp\/v2\/types\/post"}],"author":[{"embeddable":true,"href":"https:\/\/vagas.portalemprego.com.br\/index.php?rest_route=\/wp\/v2\/users\/1"}],"replies":[{"embeddable":true,"href":"https:\/\/vagas.portalemprego.com.br\/index.php?rest_route=%2Fwp%2Fv2%2Fcomments&post=6491"}],"version-history":[{"count":0,"href":"https:\/\/vagas.portalemprego.com.br\/index.php?rest_route=\/wp\/v2\/posts\/6491\/revisions"}],"wp:attachment":[{"href":"https:\/\/vagas.portalemprego.com.br\/index.php?rest_route=%2Fwp%2Fv2%2Fmedia&parent=6491"}],"wp:term":[{"taxonomy":"category","embeddable":true,"href":"https:\/\/vagas.portalemprego.com.br\/index.php?rest_route=%2Fwp%2Fv2%2Fcategories&post=6491"},{"taxonomy":"post_tag","embeddable":true,"href":"https:\/\/vagas.portalemprego.com.br\/index.php?rest_route=%2Fwp%2Fv2%2Ftags&post=6491"}],"curies":[{"name":"wp","href":"https:\/\/api.w.org\/{rel}","templated":true}]}}