{"id":6494,"date":"2026-04-29T06:07:07","date_gmt":"2026-04-29T09:07:07","guid":{"rendered":"https:\/\/vagas.portalemprego.com.br\/?p=6494"},"modified":"2026-04-29T06:07:07","modified_gmt":"2026-04-29T09:07:07","slug":"supervisor-de-vendas-varejo-comercial-vendas-niteroi","status":"publish","type":"post","link":"https:\/\/vagas.portalemprego.com.br\/?p=6494","title":{"rendered":"Supervisor de Vendas Varejo &#8211; Comercial, Vendas &#8211; Niter\u00f3i"},"content":{"rendered":"<p>**Oferta de Emprego: Supervisor Comercial**<\/p>\n<p>Estamos em busca de um Supervisor Comercial para se juntar \u00e0 nossa equipe na LUANDRE SERVI\u00c7OS TEMPOR\u00c1RIOS LTDA.<br \/>\nO candidato ideal dever\u00e1 ter uma forte experi\u00eancia em gest\u00e3o de equipes, com habilidades comprovadas em vendas no varejo e indicadores de desempenho.<\/p>\n<p>O Supervisor Comercial ser\u00e1 respons\u00e1vel por liderar e motivar a equipe de vendas, garantindo o alcance dos objetivos de vendas mensais e anuais.<\/p>\n<p>O candidato dever\u00e1 ser capaz de intermediar conflitos e manter um ambiente de trabalho positivo e produtivo.<br \/>\nDisponibilidade para atuar no hor\u00e1rio de fechamento \u00e9 essencial, pois este papel requer comprometimento e presen\u00e7a durante os momentos cruciais do dia.<\/p>\n<p>Experi\u00eancia com gest\u00e3o de equipes \u00e9 fundamental, assim como a capacidade de analisar e otimizar os indicadores de vendas para maximizar a performance da equipe.<\/p>\n<p>O candidato dever\u00e1 estar familiarizado com as estrat\u00e9gias de vendas no varejo e ter uma compreens\u00e3o profunda dos processos de fechamento de loja.<\/p>\n<p>F\u00e1cil acesso ao Plaza Shopping \u00e9 um diferencial, pois o trabalho ser\u00e1 realizado em uma loja localizada na \u00e1rea.<br \/>\nSe voc\u00ea tem um hist\u00f3rico de sucesso em vendas, uma habilidade natural para liderar e um forte senso de responsabilidade, esta oportunidade pode ser perfeita para voc\u00ea.<\/p>\n<p>Junte-se \u00e0 nossa equipe e ajude-nos a alcan\u00e7ar novos patamares de sucesso!<\/p>\n<ul>\n<li>Local de trabalho: Niter\u00f3i, RJ<\/li>\n<li>Regime de contrata\u00e7\u00e3o de tipo: Tempor\u00e1rio<\/li>\n<li>Jornada: Per\u00edodo Integral<\/li>\n<li>\u00c1rea e especializa\u00e7\u00e3o profissional: Comercial, Vendas &#8211; Lojas \/ Shopping<\/li>\n<li>N\u00edvel hier\u00e1rquico: Supervisor<\/li>\n<\/ul>\n<p>VALORIZADO<\/p>\n<p>Tempo de experi\u00eancia: Entre 3 e 5 anos<\/p>\n<p>HABILIDADES<\/p>\n<ul>\n<li>Experi\u00eancia com Gest\u00e3o de Equipes<\/li>\n<li>Facilidade em intermediar conflitos<\/li>\n<li>Experi\u00eancia com indicadores de vendas<\/li>\n<li>Disponibilidade para atuar no hor\u00e1rio de fechamento<\/li>\n<li>F\u00e1cil acesso ao Plaza Shopping<\/li>\n<li>Experi\u00eancia com vendas no varejo<\/li>\n<\/ul>\n<p>Escolaridade M\u00ednima: Ensino Superior<\/p>\n<ul>\n<li>Vale-transporte<\/li>\n<li>Comiss\u00f5es<\/li>\n<li>Vale-refei\u00e7\u00e3o<\/li>\n<\/ul>\n<p>Sal\u00e1rio: 3361,0<\/p>\n","protected":false},"excerpt":{"rendered":"<p>**Oferta de Emprego: Supervisor Comercial** Estamos em busca de um Supervisor Comercial para se juntar \u00e0 nossa equipe na LUANDRE SERVI\u00c7OS TEMPOR\u00c1RIOS LTDA. O candidato ideal dever\u00e1 ter uma forte experi\u00eancia em gest\u00e3o de equipes, com habilidades comprovadas em vendas no varejo e indicadores de desempenho. O Supervisor Comercial ser\u00e1 respons\u00e1vel por liderar e motivar [&hellip;]<\/p>\n","protected":false},"author":1,"featured_media":0,"comment_status":"open","ping_status":"open","sticky":false,"template":"","format":"standard","meta":{"footnotes":""},"categories":[21],"tags":[],"class_list":["post-6494","post","type-post","status-publish","format-standard","hentry","category-rio-de-janeiro-rj"],"_links":{"self":[{"href":"https:\/\/vagas.portalemprego.com.br\/index.php?rest_route=\/wp\/v2\/posts\/6494","targetHints":{"allow":["GET"]}}],"collection":[{"href":"https:\/\/vagas.portalemprego.com.br\/index.php?rest_route=\/wp\/v2\/posts"}],"about":[{"href":"https:\/\/vagas.portalemprego.com.br\/index.php?rest_route=\/wp\/v2\/types\/post"}],"author":[{"embeddable":true,"href":"https:\/\/vagas.portalemprego.com.br\/index.php?rest_route=\/wp\/v2\/users\/1"}],"replies":[{"embeddable":true,"href":"https:\/\/vagas.portalemprego.com.br\/index.php?rest_route=%2Fwp%2Fv2%2Fcomments&post=6494"}],"version-history":[{"count":0,"href":"https:\/\/vagas.portalemprego.com.br\/index.php?rest_route=\/wp\/v2\/posts\/6494\/revisions"}],"wp:attachment":[{"href":"https:\/\/vagas.portalemprego.com.br\/index.php?rest_route=%2Fwp%2Fv2%2Fmedia&parent=6494"}],"wp:term":[{"taxonomy":"category","embeddable":true,"href":"https:\/\/vagas.portalemprego.com.br\/index.php?rest_route=%2Fwp%2Fv2%2Fcategories&post=6494"},{"taxonomy":"post_tag","embeddable":true,"href":"https:\/\/vagas.portalemprego.com.br\/index.php?rest_route=%2Fwp%2Fv2%2Ftags&post=6494"}],"curies":[{"name":"wp","href":"https:\/\/api.w.org\/{rel}","templated":true}]}}